{"id":424421,"date":"2026-03-14T12:25:01","date_gmt":"2026-03-14T11:25:01","guid":{"rendered":"https:\/\/www.radioluna.it\/news\/?p=424421"},"modified":"2026-03-14T12:25:30","modified_gmt":"2026-03-14T11:25:30","slug":"nasce-casa-ninfa-la-foresteria-di-pantanello-affidata-alla-lipu-per-ricerca-e-educazione-ambientale","status":"publish","type":"post","link":"https:\/\/www.radioluna.it\/news\/2026\/03\/nasce-casa-ninfa-la-foresteria-di-pantanello-affidata-alla-lipu-per-ricerca-e-educazione-ambientale\/","title":{"rendered":"Nasce &#8220;Casa Ninfa&#8221;, la foresteria di Pantanello affidata alla Lipu per ricerca e educazione ambientale"},"content":{"rendered":"<div id=\"fb-root\"><\/div>\n<p style=\"text-align: justify;\"><strong>NEL PARCO DI PANTANELLO<\/strong> alle porte del Giardino di Ninfa, nasce \u201cCASA NINFA\u201d. Lo ha annunciato la Fondazione Roffredo Caetani che ha ristrutturato l\u2019immobile, gi\u00e0 utilizzato per i progetti del Monumento Naturale e lo ha messo a disposizione della Lipu con l\u2019obiettivo di implementare le \u00a0attivit\u00e0 di ricerca scientifica, volontariato e educazione ambientale. La consegna ufficiale della foresteria \u00e8 stata effettuata dal presidente della Fondazione Roffredo Caetani, Massimo Amodio, al presidente nazionale della Lipu-BirdLife Italia, <strong>Alessandro Polinori che a Gr Latina<\/strong> ha spiegato le potenzialit\u00e0\u00a0 nel nuovo progetto<\/p>\n<audio class=\"wp-audio-shortcode\" id=\"audio-424421-1\" preload=\"none\" style=\"width: 100%;\" controls=\"controls\"><source type=\"audio\/mpeg\" src=\"https:\/\/www.radioluna.it\/news\/wp-content\/uploads\/2026\/03\/polinori-online-audio-converter.com_.mp3?_=1\" \/><a href=\"https:\/\/www.radioluna.it\/news\/wp-content\/uploads\/2026\/03\/polinori-online-audio-converter.com_.mp3\">https:\/\/www.radioluna.it\/news\/wp-content\/uploads\/2026\/03\/polinori-online-audio-converter.com_.mp3<\/a><\/audio>\n<p style=\"text-align: justify;\">\u201cCon \u2018Casa Ninfa\u2019 &#8211; dichiara il presidente della Lipu-BirdLife Italia, Alessandro Polinori \u2013 la nostra Associazione consolida le attivit\u00e0 gestionali dell\u2019Oasi Lipu Parco Pantanello e soprattutto la collaborazione con la Fondazione Roffredo Caetani. Un ulteriore segno di fiducia e di apprezzamento del nostro operato e di questo ringrazio la Fondazione per il riconoscimento. Alle iniziative proprie dell\u2019Oasi quali il monitoraggio della fauna, l\u2019educazione e sensibilizzazione ambientale, la promozione e valorizzazione dell\u2019area si aggiungono adesso quelle rivolte nello specifico ad un corretto e rispettoso utilizzo di parte dell\u2019Oasi attraverso \u2018Casa Ninfa\u2019. Nei prossimi mesi, inizieremo con l\u2019organizzazione di giornate tematiche e poi in giugno e luglio, alla fine della scuola, con i \u2018Campi estivi\u2019 per bambini e ragazzi del territorio\u201d.<img loading=\"lazy\" decoding=\"async\" class=\"wp-image-424423 alignright\" src=\"https:\/\/www.radioluna.it\/news\/wp-content\/uploads\/2026\/03\/WhatsApp-Image-2026-03-12-at-12.41.55-2.jpeg\" alt=\"\" width=\"254\" height=\"190\" srcset=\"https:\/\/www.radioluna.it\/news\/wp-content\/uploads\/2026\/03\/WhatsApp-Image-2026-03-12-at-12.41.55-2.jpeg 1600w, https:\/\/www.radioluna.it\/news\/wp-content\/uploads\/2026\/03\/WhatsApp-Image-2026-03-12-at-12.41.55-2-768x576.jpeg 768w, https:\/\/www.radioluna.it\/news\/wp-content\/uploads\/2026\/03\/WhatsApp-Image-2026-03-12-at-12.41.55-2-1536x1152.jpeg 1536w\" sizes=\"auto, (max-width: 254px) 100vw, 254px\" \/> <img loading=\"lazy\" decoding=\"async\" class=\"wp-image-424422 alignright\" src=\"https:\/\/www.radioluna.it\/news\/wp-content\/uploads\/2026\/03\/WhatsApp-Image-2026-03-12-at-12.41.55-3.jpeg\" alt=\"\" width=\"240\" height=\"180\" srcset=\"https:\/\/www.radioluna.it\/news\/wp-content\/uploads\/2026\/03\/WhatsApp-Image-2026-03-12-at-12.41.55-3.jpeg 1600w, https:\/\/www.radioluna.it\/news\/wp-content\/uploads\/2026\/03\/WhatsApp-Image-2026-03-12-at-12.41.55-3-768x576.jpeg 768w, https:\/\/www.radioluna.it\/news\/wp-content\/uploads\/2026\/03\/WhatsApp-Image-2026-03-12-at-12.41.55-3-1536x1152.jpeg 1536w\" sizes=\"auto, (max-width: 240px) 100vw, 240px\" \/><\/p>\n<p style=\"text-align: justify;\">\u201cLa riqualificazione dell\u2019immobile e la nascita di \u2018Casa Ninfa\u2019 rappresentano un ulteriore passo nel percorso di valorizzazione del Parco Pantanello e delle attivit\u00e0 che qui si svolgono \u2013 afferma il presidente della Fondazione Roffredo Caetani, Massimo Amodio \u2013. Questo casale \u00e8 sempre stato un punto di riferimento per il lavoro scientifico e per la presenza dei volontari all\u2019interno dell\u2019area. Oggi, grazie a questo intervento, potr\u00e0 svolgere ancora meglio la sua funzione di supporto alla ricerca e alle attivit\u00e0 educative. Desidero ringraziare la Lipu e tutti i volontari che con grande passione contribuiscono ogni giorno alla tutela e allo studio della biodiversit\u00e0 del Parco Pantanello. Un impegno che, voglio ricordarlo, lo scorso anno ha fatto registrare quasi 5mila visitatori, venuti a conoscere e apprezzare questo straordinario patrimonio naturale\u201d.<\/p>\n<p style=\"text-align: justify;\">Erano presenti alla consegna anche il responsabile nazionale delle Oasi e Riserve della Lipu Ugo Faralli, del responsabile dell\u2019Oasi Lipu Parco Pantanello Gastone Gaiba e di numerosi volontari dell\u2019Associazione.<\/p>\n<p style=\"text-align: justify;\"><strong>L&#8217;IMMOBILE\u00a0<\/strong> &#8211; \u201cCasa Ninfa\u201d \u00e8 un antico casale della bonifica di Gelasio Caetani, successivamente riadattato per le attivit\u00e0 dell\u2019azienda agricola e poi utilizzato, dalla nascita del Parco Pantanello oltre venti anni fa, come struttura di supporto alle attivit\u00e0 di studio e monitoraggio naturalistico.<\/p>\n<p style=\"text-align: justify;\"><strong>CHE COSA DIVENTERA&#8217;\u00a0<\/strong> &#8211; Con l\u2019intervento di riqualificazione realizzato dalla Fondazione Roffredo Caetani, l\u2019edificio amplia oggi in modo significativo le proprie funzioni. La struttura dispone di quattordici posti letto, spazi comuni e di un\u2019ampia sala destinata a momenti di confronto, lavoro e formazione. Il casale potr\u00e0 ospitare ricercatori, volontari e studiosi impegnati nei progetti scientifici e nelle attivit\u00e0 di monitoraggio della biodiversit\u00e0 che si svolgono all\u2019interno dell\u2019area del Monumento Naturale Giardino di Ninfa.<img loading=\"lazy\" decoding=\"async\" class=\"wp-image-424426 alignleft\" src=\"https:\/\/www.radioluna.it\/news\/wp-content\/uploads\/2026\/03\/WhatsApp-Image-2026-03-12-at-12.41.54-1.jpeg\" alt=\"\" width=\"340\" height=\"255\" srcset=\"https:\/\/www.radioluna.it\/news\/wp-content\/uploads\/2026\/03\/WhatsApp-Image-2026-03-12-at-12.41.54-1.jpeg 1600w, https:\/\/www.radioluna.it\/news\/wp-content\/uploads\/2026\/03\/WhatsApp-Image-2026-03-12-at-12.41.54-1-768x576.jpeg 768w, https:\/\/www.radioluna.it\/news\/wp-content\/uploads\/2026\/03\/WhatsApp-Image-2026-03-12-at-12.41.54-1-1536x1152.jpeg 1536w\" sizes=\"auto, (max-width: 340px) 100vw, 340px\" \/><\/p>\n<p style=\"text-align: justify;\">Accanto alla funzione di foresteria per le attivit\u00e0 di ricerca, \u201cCasa Ninfa\u201d diventer\u00e0 anche un punto di riferimento per iniziative dedicate alla comunit\u00e0 e al mondo della scuola. Grazie al lavoro dei collaboratori e volontari della Lipu, la struttura potr\u00e0 infatti accogliere campi estivi, attivit\u00e0 didattiche e programmi educativi.<\/p>\n<p>&nbsp;<\/p>\n<p>&nbsp;<\/p>\n","protected":false},"excerpt":{"rendered":"<p>NEL PARCO DI PANTANELLO alle porte del Giardino di Ninfa, nasce \u201cCASA NINFA\u201d. Lo ha annunciato la Fondazione Roffredo Caetani che ha ristrutturato l\u2019immobile, gi\u00e0 utilizzato per i progetti del Monumento Naturale e lo ha messo a disposizione della Lipu con l\u2019obiettivo di implementare le \u00a0attivit\u00e0 di ricerca scientifica, volontariato e educazione ambientale. La consegna [&hellip;]<\/p>\n","protected":false},"author":62,"featured_media":424427,"comment_status":"closed","ping_status":"open","sticky":false,"template":"","format":"standard","meta":{"footnotes":""},"categories":[12,2310,2256,2428],"tags":[],"class_list":["post-424421","post","type-post","status-publish","format-standard","has-post-thumbnail","hentry","category-ambiente","category-audio","category-prima-pagina","category-primo-piano"],"_links":{"self":[{"href":"https:\/\/www.radioluna.it\/news\/wp-json\/wp\/v2\/posts\/424421","targetHints":{"allow":["GET"]}}],"collection":[{"href":"https:\/\/www.radioluna.it\/news\/wp-json\/wp\/v2\/posts"}],"about":[{"href":"https:\/\/www.radioluna.it\/news\/wp-json\/wp\/v2\/types\/post"}],"author":[{"embeddable":true,"href":"https:\/\/www.radioluna.it\/news\/wp-json\/wp\/v2\/users\/62"}],"replies":[{"embeddable":true,"href":"https:\/\/www.radioluna.it\/news\/wp-json\/wp\/v2\/comments?post=424421"}],"version-history":[{"count":3,"href":"https:\/\/www.radioluna.it\/news\/wp-json\/wp\/v2\/posts\/424421\/revisions"}],"predecessor-version":[{"id":424431,"href":"https:\/\/www.radioluna.it\/news\/wp-json\/wp\/v2\/posts\/424421\/revisions\/424431"}],"wp:featuredmedia":[{"embeddable":true,"href":"https:\/\/www.radioluna.it\/news\/wp-json\/wp\/v2\/media\/424427"}],"wp:attachment":[{"href":"https:\/\/www.radioluna.it\/news\/wp-json\/wp\/v2\/media?parent=424421"}],"wp:term":[{"taxonomy":"category","embeddable":true,"href":"https:\/\/www.radioluna.it\/news\/wp-json\/wp\/v2\/categories?post=424421"},{"taxonomy":"post_tag","embeddable":true,"href":"https:\/\/www.radioluna.it\/news\/wp-json\/wp\/v2\/tags?post=424421"}],"curies":[{"name":"wp","href":"https:\/\/api.w.org\/{rel}","templated":true}]}}