{"id":424557,"date":"2026-03-16T18:34:10","date_gmt":"2026-03-16T17:34:10","guid":{"rendered":"https:\/\/www.radioluna.it\/news\/?p=424557"},"modified":"2026-03-16T18:34:10","modified_gmt":"2026-03-16T17:34:10","slug":"terracina-colto-in-flagrante-mentre-commette-un-furto-da-oltre-600-euro-arrestato","status":"publish","type":"post","link":"https:\/\/www.radioluna.it\/news\/2026\/03\/terracina-colto-in-flagrante-mentre-commette-un-furto-da-oltre-600-euro-arrestato\/","title":{"rendered":"Terracina, colto in flagrante mentre commette un furto da oltre 600 euro: arrestato"},"content":{"rendered":"<div id=\"fb-root\"><\/div>\n<p style=\"text-align: justify;\" data-start=\"17\" data-end=\"378\">A Terracina, la Polizia di Stato ha arrestato un cittadino tunisino, risultato irregolare sul territorio nazionale, ritenuto responsabile di furto aggravato in un negozio di abbigliamento lungo la Via Appia. L\u2019uomo \u00e8 stato colto in flagranza di reato dopo che una dipendente del negozio aveva segnalato il furto in corso alla Sala Operativa del Commissariato.\u00a0Secondo quanto ricostruito dagli agenti della Volante, l\u2019uomo, nel tentativo di allontanarsi, ha cercato di disfarsi della refurtiva lanciandola sotto una siepe, ma \u00e8 stato intercettato poco dopo all\u2019interno di un altro esercizio commerciale. La merce sottratta, per un valore complessivo di circa 645 euro, \u00e8 stata recuperata e restituita al negozio.\u00a0Privo di documenti, l\u2019arrestato \u00e8 stato foto-segnalato e identificato: risultava gi\u00e0 con precedenti per reati contro il patrimonio e senza titolo per il soggiorno regolare in Italia. Dopo le formalit\u00e0, \u00e8 stato trattenuto nelle camere di sicurezza del Commissariato in attesa del giudizio direttissimo, su disposizione della Procura della Repubblica di Latina.<\/p>\n","protected":false},"excerpt":{"rendered":"<p>A Terracina, la Polizia di Stato ha arrestato un cittadino tunisino, risultato irregolare sul territorio nazionale, ritenuto responsabile di furto aggravato in un negozio di abbigliamento lungo la Via Appia. L\u2019uomo \u00e8 stato colto in flagranza di reato dopo che una dipendente del negozio aveva segnalato il furto in corso alla Sala Operativa del Commissariato.\u00a0Secondo [&hellip;]<\/p>\n","protected":false},"author":5443,"featured_media":424400,"comment_status":"closed","ping_status":"open","sticky":false,"template":"","format":"standard","meta":{"footnotes":""},"categories":[7],"tags":[],"class_list":["post-424557","post","type-post","status-publish","format-standard","has-post-thumbnail","hentry","category-cronaca"],"_links":{"self":[{"href":"https:\/\/www.radioluna.it\/news\/wp-json\/wp\/v2\/posts\/424557","targetHints":{"allow":["GET"]}}],"collection":[{"href":"https:\/\/www.radioluna.it\/news\/wp-json\/wp\/v2\/posts"}],"about":[{"href":"https:\/\/www.radioluna.it\/news\/wp-json\/wp\/v2\/types\/post"}],"author":[{"embeddable":true,"href":"https:\/\/www.radioluna.it\/news\/wp-json\/wp\/v2\/users\/5443"}],"replies":[{"embeddable":true,"href":"https:\/\/www.radioluna.it\/news\/wp-json\/wp\/v2\/comments?post=424557"}],"version-history":[{"count":1,"href":"https:\/\/www.radioluna.it\/news\/wp-json\/wp\/v2\/posts\/424557\/revisions"}],"predecessor-version":[{"id":424558,"href":"https:\/\/www.radioluna.it\/news\/wp-json\/wp\/v2\/posts\/424557\/revisions\/424558"}],"wp:featuredmedia":[{"embeddable":true,"href":"https:\/\/www.radioluna.it\/news\/wp-json\/wp\/v2\/media\/424400"}],"wp:attachment":[{"href":"https:\/\/www.radioluna.it\/news\/wp-json\/wp\/v2\/media?parent=424557"}],"wp:term":[{"taxonomy":"category","embeddable":true,"href":"https:\/\/www.radioluna.it\/news\/wp-json\/wp\/v2\/categories?post=424557"},{"taxonomy":"post_tag","embeddable":true,"href":"https:\/\/www.radioluna.it\/news\/wp-json\/wp\/v2\/tags?post=424557"}],"curies":[{"name":"wp","href":"https:\/\/api.w.org\/{rel}","templated":true}]}}