{"id":424643,"date":"2026-03-17T19:21:07","date_gmt":"2026-03-17T18:21:07","guid":{"rendered":"https:\/\/www.radioluna.it\/news\/?p=424643"},"modified":"2026-03-17T19:21:07","modified_gmt":"2026-03-17T18:21:07","slug":"feste-popolari-rievocazioni-e-sagre-avviso-pubblico-della-regione-lazio","status":"publish","type":"post","link":"https:\/\/www.radioluna.it\/news\/2026\/03\/feste-popolari-rievocazioni-e-sagre-avviso-pubblico-della-regione-lazio\/","title":{"rendered":"Feste popolari, rievocazioni e sagre, avviso pubblico della Regione Lazio"},"content":{"rendered":"<div id=\"fb-root\"><\/div>\n<p style=\"text-align: justify;\">La Regione Lazio ha pubblicato l\u2019Avviso pubblico per l\u2019acquisizione di manifestazioni di interesse relativo al Programma regionale in favore delle tradizioni storiche, artistiche, religiose e popolari \u2013 anno 2026.\u00a0Il provvedimento, promosso dall\u2019assessore al Turismo, all\u2019Ambiente e allo Sport Elena Palazzo, &#8220;rappresenta\u00a0 &#8211; si legge in una nota &#8211; un importante strumento di sostegno alle comunit\u00e0 locali e a tutte quelle realt\u00e0 che custodiscono e tramandano il patrimonio immateriale del Lazio&#8221; ed \u00e8 rivolto a Comuni, Circoscrizioni e Pro Loco iscritte all\u2019albo regionale. I progetti candidabili dovranno riguardare manifestazioni ed eventi da realizzare nel corso del 2026. Sono ammessi anche gli eventi legati alle festivit\u00e0 natalizie che si svolgeranno fino al 6 gennaio 2027, purch\u00e9 avviati nel mese di dicembre 2026.<\/p>\n<p style=\"text-align: justify;\">\u00abLe feste popolari, le rievocazioni storiche, le sagre e i riti religiosi rappresentano il grande bagaglio culturale ed enogastronomico delle nostre localit\u00e0 che noi vogliamo promuovere e far scoprire, incoraggiando un turismo desideroso di conoscere le nostre tradizioni. Attraverso questa misura confermiamo la nostra attenzione verso tutti quegli eventi che rappresentano il cuore della memoria collettiva delle comunit\u00e0 locali e piccoli borghi, iniziative capaci di rafforzare il senso di appartenenza, sostenere l\u2019attrattivit\u00e0 dei territori e valorizzare le tradizioni che raccontano la storia e l\u2019identit\u00e0 del Lazio\u00bb, dichiara l\u2019Assessore al Turismo, all\u2019Ambiente e allo Sport Elena Palazzo.<\/p>\n<p style=\"text-align: justify;\">Le domande potranno essere presentate esclusivamente online attraverso la piattaforma regionale, attiva a partire dal 18 marzo 2026 al seguente indirizzo: <a href=\"https:\/\/bandiavvisi.regione.lazio.it\">https:\/\/bandiavvisi.regione.lazio.it<\/a><\/p>\n<p style=\"text-align: justify;\">Il termine per la presentazione delle candidature \u00e8 fissato entro 30 giorni dalla data di pubblicazione dell\u2019Avviso, alle ore 12:00.<\/p>\n","protected":false},"excerpt":{"rendered":"<p>La Regione Lazio ha pubblicato l\u2019Avviso pubblico per l\u2019acquisizione di manifestazioni di interesse relativo al Programma regionale in favore delle tradizioni storiche, artistiche, religiose e popolari \u2013 anno 2026.\u00a0Il provvedimento, promosso dall\u2019assessore al Turismo, all\u2019Ambiente e allo Sport Elena Palazzo, &#8220;rappresenta\u00a0 &#8211; si legge in una nota &#8211; un importante strumento di sostegno alle comunit\u00e0 [&hellip;]<\/p>\n","protected":false},"author":60,"featured_media":366363,"comment_status":"closed","ping_status":"open","sticky":false,"template":"","format":"standard","meta":{"footnotes":""},"categories":[735],"tags":[],"class_list":["post-424643","post","type-post","status-publish","format-standard","has-post-thumbnail","hentry","category-attualita"],"_links":{"self":[{"href":"https:\/\/www.radioluna.it\/news\/wp-json\/wp\/v2\/posts\/424643","targetHints":{"allow":["GET"]}}],"collection":[{"href":"https:\/\/www.radioluna.it\/news\/wp-json\/wp\/v2\/posts"}],"about":[{"href":"https:\/\/www.radioluna.it\/news\/wp-json\/wp\/v2\/types\/post"}],"author":[{"embeddable":true,"href":"https:\/\/www.radioluna.it\/news\/wp-json\/wp\/v2\/users\/60"}],"replies":[{"embeddable":true,"href":"https:\/\/www.radioluna.it\/news\/wp-json\/wp\/v2\/comments?post=424643"}],"version-history":[{"count":1,"href":"https:\/\/www.radioluna.it\/news\/wp-json\/wp\/v2\/posts\/424643\/revisions"}],"predecessor-version":[{"id":424644,"href":"https:\/\/www.radioluna.it\/news\/wp-json\/wp\/v2\/posts\/424643\/revisions\/424644"}],"wp:featuredmedia":[{"embeddable":true,"href":"https:\/\/www.radioluna.it\/news\/wp-json\/wp\/v2\/media\/366363"}],"wp:attachment":[{"href":"https:\/\/www.radioluna.it\/news\/wp-json\/wp\/v2\/media?parent=424643"}],"wp:term":[{"taxonomy":"category","embeddable":true,"href":"https:\/\/www.radioluna.it\/news\/wp-json\/wp\/v2\/categories?post=424643"},{"taxonomy":"post_tag","embeddable":true,"href":"https:\/\/www.radioluna.it\/news\/wp-json\/wp\/v2\/tags?post=424643"}],"curies":[{"name":"wp","href":"https:\/\/api.w.org\/{rel}","templated":true}]}}