{"id":427398,"date":"2026-04-24T16:29:52","date_gmt":"2026-04-24T14:29:52","guid":{"rendered":"https:\/\/www.radioluna.it\/news\/?p=427398"},"modified":"2026-04-24T16:29:52","modified_gmt":"2026-04-24T14:29:52","slug":"la-corale-san-marco-celebra-il-25-aprile-in-cattedrale-alla-presenza-del-vescovo","status":"publish","type":"post","link":"https:\/\/www.radioluna.it\/news\/2026\/04\/la-corale-san-marco-celebra-il-25-aprile-in-cattedrale-alla-presenza-del-vescovo\/","title":{"rendered":"La Corale San Marco celebra il 25 aprile in Cattedrale alla presenza del Vescovo"},"content":{"rendered":"<div id=\"fb-root\"><\/div>\n<p>Sabato 25 aprile alle ore 19.00, nella Cattedrale di Latina, la Corale San Marco terr\u00e0 il tradizionale concerto in onore del compatrono della citt\u00e0 alla presenza vescovo, sua Eccellenza Mariano Crociata. La formazione corale propone quest\u2019anno un programma che riflette le diverse anime del proprio repertorio. Il direttore artistico Mauro Bassi, alla guida della Corale San Marco dal 2000, sottolinea: \u201cHo voluto un concerto che rispecchiasse l\u2019identit\u00e0 della Corale, mettendo in evidenza ci\u00f2 che la rende una tradizione viva \u2014 novantatr\u00e9 anni di attivit\u00e0 ininterrotta la consacrano come istituzione storica della citt\u00e0 \u2014 e che al tempo stesso valorizzasse il livello raggiunto, attraverso una particolare cura della vocalit\u00e0, che ritengo fondamentale\u201d. Protagoniste saranno la musica sacra, nelle sue diverse declinazioni \u2014 dalla dimensione collettiva della preghiera e della celebrazione fino a quella pi\u00f9 intima e contemplativa \u2014 e la musica profana, in cui trovano espressione le passioni umane, tra nostalgia, dolore e amore. Gli autori in programma spaziano dal barocco alla contemporaneit\u00e0, accanto alla tradizione della canzone classica napoletana. Ne emerge un viaggio sonoro che attraversa atmosfere di solenne maestosit\u00e0, raccoglimento e armonia, fino a momenti di intensa malinconia e passione. Il programma include inoltre tre brani solistici, affidati a voci della Corale: il soprano leggero Francesca Previato e il soprano lirico Sabrina Trentin. Dirige l\u2019evento il M\u00b0 Mauro Bassi. Il concerto si avvarr\u00e0 dell\u2019accompagnamento del M\u00b0 Remigio Coco al pianoforte e del M\u00b0 Davide Ridani all\u2019oboe. L\u2019ingresso \u00e8 libero.<\/p>\n<div class=\"radio-posizionamento-telefono-in-articoli-dopo-il-contenuto-articolo radio-entity-placement\" id=\"radio-2531903651\"><div id=\"radio-725868395\" style=\"width: 300px;height: 250px;\"><a href=\"https:\/\/www.icarspa.it\/auto\/usate\/latina\/\" aria-label=\"banner aprile icar new life &#8211; auto usate latina\"><img loading=\"lazy\" decoding=\"async\" src=\"https:\/\/www.radioluna.it\/news\/wp-content\/uploads\/2026\/02\/banner-aprile-icar-new-life-auto-usate-latina.gif\" alt=\"\"  width=\"300\" height=\"250\"   \/><\/a><\/div><\/div>","protected":false},"excerpt":{"rendered":"<p>Sabato 25 aprile alle ore 19.00, nella Cattedrale di Latina, la Corale San Marco terr\u00e0 il tradizionale concerto in onore del compatrono della citt\u00e0 alla presenza vescovo, sua Eccellenza Mariano Crociata. La formazione corale propone quest\u2019anno un programma che riflette le diverse anime del proprio repertorio. Il direttore artistico Mauro Bassi, alla guida della Corale [&hellip;]<\/p>\n","protected":false},"author":5444,"featured_media":427400,"comment_status":"closed","ping_status":"open","sticky":false,"template":"","format":"standard","meta":{"footnotes":""},"categories":[16],"tags":[],"class_list":["post-427398","post","type-post","status-publish","format-standard","has-post-thumbnail","hentry","category-appuntamenti"],"_links":{"self":[{"href":"https:\/\/www.radioluna.it\/news\/wp-json\/wp\/v2\/posts\/427398","targetHints":{"allow":["GET"]}}],"collection":[{"href":"https:\/\/www.radioluna.it\/news\/wp-json\/wp\/v2\/posts"}],"about":[{"href":"https:\/\/www.radioluna.it\/news\/wp-json\/wp\/v2\/types\/post"}],"author":[{"embeddable":true,"href":"https:\/\/www.radioluna.it\/news\/wp-json\/wp\/v2\/users\/5444"}],"replies":[{"embeddable":true,"href":"https:\/\/www.radioluna.it\/news\/wp-json\/wp\/v2\/comments?post=427398"}],"version-history":[{"count":1,"href":"https:\/\/www.radioluna.it\/news\/wp-json\/wp\/v2\/posts\/427398\/revisions"}],"predecessor-version":[{"id":427401,"href":"https:\/\/www.radioluna.it\/news\/wp-json\/wp\/v2\/posts\/427398\/revisions\/427401"}],"wp:featuredmedia":[{"embeddable":true,"href":"https:\/\/www.radioluna.it\/news\/wp-json\/wp\/v2\/media\/427400"}],"wp:attachment":[{"href":"https:\/\/www.radioluna.it\/news\/wp-json\/wp\/v2\/media?parent=427398"}],"wp:term":[{"taxonomy":"category","embeddable":true,"href":"https:\/\/www.radioluna.it\/news\/wp-json\/wp\/v2\/categories?post=427398"},{"taxonomy":"post_tag","embeddable":true,"href":"https:\/\/www.radioluna.it\/news\/wp-json\/wp\/v2\/tags?post=427398"}],"curies":[{"name":"wp","href":"https:\/\/api.w.org\/{rel}","templated":true}]}}