{"id":427399,"date":"2026-04-24T17:11:48","date_gmt":"2026-04-24T15:11:48","guid":{"rendered":"https:\/\/www.radioluna.it\/news\/?p=427399"},"modified":"2026-04-24T18:24:44","modified_gmt":"2026-04-24T16:24:44","slug":"universita-il-punto-sul-polo-pontino-in-consiglio-comunale-pronta-a-maggio-aula-studio-nellex-banca-ditalia-terminati-i-lavori-a-medicina","status":"publish","type":"post","link":"https:\/\/www.radioluna.it\/news\/2026\/04\/universita-il-punto-sul-polo-pontino-in-consiglio-comunale-pronta-a-maggio-aula-studio-nellex-banca-ditalia-terminati-i-lavori-a-medicina\/","title":{"rendered":"Universit\u00e0, il punto sul Polo Pontino in Consiglio Comunale. Pronta a maggio aula studio nell&#8217;ex Banca D&#8217;Italia. Terminati i lavori a Medicina"},"content":{"rendered":"<div id=\"fb-root\"><\/div>\n<p style=\"text-align: justify;\"><strong>LATINA<\/strong> &#8211; Tra poche settimane sar\u00e0 aperta la grande aula studio realizzata dall\u2019Universit\u00e0 \u00a0Sapienza al primo piano dell\u2019edificio Ex Banca D\u2019Italia in piazza della Libert\u00e0. I lavori sono terminati, mancano solo gli arredi e potr\u00e0 essere fruibile agli studenti per la terza settimana di maggio. E\u2019 la prima fase del piano per il recupero dell&#8217;Immobile messo a disposizione dell&#8217;Universit\u00e0 dal Comune di Latina. Sullo stesso edificio, fase 2 \u00e8 in corso e riguarda le verifiche di vulnerabilit\u00e0 sismica, mentre fase 3, con i lavori all&#8217;interno del resto dell&#8217;immobile di Fondazione, prevede entro dicembre l&#8217;affidamento della gara e con l&#8217;anno nuovo l&#8217;apertura del cantiere che durer\u00e0 15 mesi. Nella progettazione \u00e8 prevista anche la realizzazione di una biblioteca, aperta alla cittadinanza (cos\u00ec come chiesto dal Comune), con due sale, oltre ad aule informatiche e\u00a0 laboratori, per un investimento gi\u00e0 disponibile di 4,5 milioni di euro.<\/p>\n<p style=\"text-align: justify;\">E&#8217; quanto \u00a0emerso nel corso del Consiglio comunale straordinario che si \u00e8 tenuto oggi alla presenza <strong>Rettrice Antonella Polimeni<\/strong> \u00a0del delegato per il Polo Pontino Bonifazi e di tutti i presidi con all&#8217;ordine del giorno \u201cLatina, citt\u00e0 universitaria: analisi dei progetti in itinere e prospettive future\u201d. Nel suo intervento Polimeni\u00a0 ha sottolineato che \u00e8 la prima volta che l&#8217;Universit\u00e0 rendiconta in un consiglio comunale il lavoro svolto e da svolgere.<\/p>\n<audio class=\"wp-audio-shortcode\" id=\"audio-427399-1\" preload=\"none\" style=\"width: 100%;\" controls=\"controls\"><source type=\"audio\/mpeg\" src=\"https:\/\/www.radioluna.it\/news\/wp-content\/uploads\/2026\/04\/polimeni-online-audio-converter.com_.mp3?_=1\" \/><a href=\"https:\/\/www.radioluna.it\/news\/wp-content\/uploads\/2026\/04\/polimeni-online-audio-converter.com_.mp3\">https:\/\/www.radioluna.it\/news\/wp-content\/uploads\/2026\/04\/polimeni-online-audio-converter.com_.mp3<\/a><\/audio>\n<p style=\"text-align: justify;\">Tra le principali novit\u00e0 emerse, il completamento delle aule di Medicina presso l&#8217;ex Falegnameria e l&#8217;Ex Tipografia, due ruderi ormai rinati e pronti a diventare strutture a servizio degli studenti, dotate di un impianto fotovoltaico che le rende autonome dal punto di vista energetico. Illustrato anche l&#8217;attesissimo (risalente) progetto per la realizzazione del Campus universitario: anche qui, tra dell&#8217;attuale facolt\u00e0 di Economia e il Conservatorio di Musica, la riqualificazione di edifici ormai diroccati\u00a0 per realizzare residenze e servizi.<\/p>\n<p style=\"text-align: justify;\">\u201cIn questi anni \u2013 ha dichiarato <strong>l\u2019assessore Antonio Cosentino<\/strong> &#8211; ci siamo mossi in questa direzione, attivando la navetta tra Latina Scalo, universit\u00e0 e Icot, facilitando gli spostamenti e rendendo pi\u00f9 accessibili i poli didattici e sanitari. Allo stesso tempo abbiamo promosso collaborazioni con le attivit\u00e0 produttive del territorio e sostenuto progetti per start-up innovative, anche attraverso borse di studio. Azioni che dimostrano una visione pi\u00f9 ampia e completa: rendere Latina non solo una sede di studio, ma un ambiente capace di sostenere davvero gli studenti, affinch\u00e9 possano crescere, formarsi e scegliere di rimanere nel nostro territorio. Tutto questo risponde a una visione precisa. Noi vogliamo che Latina diventi sempre di pi\u00f9 una citt\u00e0 universitaria, capace di trattenere i propri giovani e di attrarne altri. Una citt\u00e0 in cui studiare sia una scelta, non un ripiego. Per farlo serve continuit\u00e0, serve collaborazione istituzionale, e serve anche la consapevolezza che investire sull\u2019universit\u00e0 significa investire sul futuro economico e sociale del territorio\u201d.<\/p>\n<p style=\"text-align: justify;\">\u201cSono orgogliosa di aver preso in mano sin dall\u2019inizio del mandato le redini dei processi complessi che governano i rapporti tra il territorio e l\u2019ateneo Sapienza\u201d, \u00e8 quanto affermato la <strong>sindaca di Latina Matilde Celentano<\/strong>, nel corso del suo intervento, nel quale \u00e8 anche tornata a rivendicare la scelta, non condivisa da tutti, di destinare l&#8217;ex Garage Ruspi ad aula studio: &#8220;Oggi vediamo centinaia di ragazzi al giorno \u2013 ha sottolineato &#8211; far rivivere l\u2019ex Garage Ruspi, diventato molto di pi\u00f9 di un luogo di studio. E\u2019 un luogo di incontro e confronto, uno spazio aperto a diverse esigenze dei giovani e pi\u00f9 in generale della nostra comunit\u00e0&#8221;.<\/p>\n<audio class=\"wp-audio-shortcode\" id=\"audio-427399-2\" preload=\"none\" style=\"width: 100%;\" controls=\"controls\"><source type=\"audio\/mpeg\" src=\"https:\/\/www.radioluna.it\/news\/wp-content\/uploads\/2026\/04\/celentano-universita.mp3?_=2\" \/><a href=\"https:\/\/www.radioluna.it\/news\/wp-content\/uploads\/2026\/04\/celentano-universita.mp3\">https:\/\/www.radioluna.it\/news\/wp-content\/uploads\/2026\/04\/celentano-universita.mp3<\/a><\/audio>\n<p>Al termine degli interventi dei capigruppo consiliari, la prima cittadina ha ringraziato le forze politiche per il loro contributo: \u201cSapienza \u00e8 patrimonio di tutti e sono certa che lavoreremo tutti nella stessa direzione. Esprimo soddisfazione per le prossime inaugurazioni, annunciate oggi da Sapienza, delle nuove aule presso l\u2019ex Tipografia e l\u2019ex Falegnameria e della sala centrale del pianterreno dell\u2019ex Banca d\u2019Italia\u201d.<\/p>\n<p>&nbsp;<\/p>\n<div class=\"radio-posizionamento-telefono-in-articoli-dopo-il-contenuto-articolo radio-entity-placement\" id=\"radio-1460038926\"><div id=\"radio-397034135\"><a href=\"https:\/\/www.simeoneceramiche.com\/\" aria-label=\"SIMEONE CERAMICHE GIF animata per radioluna_Tavola disegno 1 copia 2 (online-video-cutter.com)\"><img loading=\"lazy\" decoding=\"async\" src=\"https:\/\/www.radioluna.it\/news\/wp-content\/uploads\/2025\/05\/SIMEONE-CERAMICHE-GIF-animata-per-radioluna_Tavola-disegno-1-copia-2-online-video-cutter.com_.gif\" alt=\"\"  width=\"300\" height=\"250\"   \/><\/a><\/div><\/div>","protected":false},"excerpt":{"rendered":"<p>LATINA &#8211; Tra poche settimane sar\u00e0 aperta la grande aula studio realizzata dall\u2019Universit\u00e0 \u00a0Sapienza al primo piano dell\u2019edificio Ex Banca D\u2019Italia in piazza della Libert\u00e0. I lavori sono terminati, mancano solo gli arredi e potr\u00e0 essere fruibile agli studenti per la terza settimana di maggio. E\u2019 la prima fase del piano per il recupero dell&#8217;Immobile [&hellip;]<\/p>\n","protected":false},"author":62,"featured_media":427406,"comment_status":"closed","ping_status":"open","sticky":false,"template":"","format":"standard","meta":{"footnotes":""},"categories":[735,2310],"tags":[5738],"class_list":["post-427399","post","type-post","status-publish","format-standard","has-post-thumbnail","hentry","category-attualita","category-audio","tag-in-primo-piano"],"_links":{"self":[{"href":"https:\/\/www.radioluna.it\/news\/wp-json\/wp\/v2\/posts\/427399","targetHints":{"allow":["GET"]}}],"collection":[{"href":"https:\/\/www.radioluna.it\/news\/wp-json\/wp\/v2\/posts"}],"about":[{"href":"https:\/\/www.radioluna.it\/news\/wp-json\/wp\/v2\/types\/post"}],"author":[{"embeddable":true,"href":"https:\/\/www.radioluna.it\/news\/wp-json\/wp\/v2\/users\/62"}],"replies":[{"embeddable":true,"href":"https:\/\/www.radioluna.it\/news\/wp-json\/wp\/v2\/comments?post=427399"}],"version-history":[{"count":8,"href":"https:\/\/www.radioluna.it\/news\/wp-json\/wp\/v2\/posts\/427399\/revisions"}],"predecessor-version":[{"id":427422,"href":"https:\/\/www.radioluna.it\/news\/wp-json\/wp\/v2\/posts\/427399\/revisions\/427422"}],"wp:featuredmedia":[{"embeddable":true,"href":"https:\/\/www.radioluna.it\/news\/wp-json\/wp\/v2\/media\/427406"}],"wp:attachment":[{"href":"https:\/\/www.radioluna.it\/news\/wp-json\/wp\/v2\/media?parent=427399"}],"wp:term":[{"taxonomy":"category","embeddable":true,"href":"https:\/\/www.radioluna.it\/news\/wp-json\/wp\/v2\/categories?post=427399"},{"taxonomy":"post_tag","embeddable":true,"href":"https:\/\/www.radioluna.it\/news\/wp-json\/wp\/v2\/tags?post=427399"}],"curies":[{"name":"wp","href":"https:\/\/api.w.org\/{rel}","templated":true}]}}