{"id":427413,"date":"2026-04-24T17:26:25","date_gmt":"2026-04-24T15:26:25","guid":{"rendered":"https:\/\/www.radioluna.it\/news\/?p=427413"},"modified":"2026-04-24T19:33:29","modified_gmt":"2026-04-24T17:33:29","slug":"abbandono-di-rifiuti-a-san-felice-circeo-ventimila-euro-di-sanzioni","status":"publish","type":"post","link":"https:\/\/www.radioluna.it\/news\/2026\/04\/abbandono-di-rifiuti-a-san-felice-circeo-ventimila-euro-di-sanzioni\/","title":{"rendered":"Abbandono di rifiuti a San Felice Circeo: ventimila euro di sanzioni"},"content":{"rendered":"<div id=\"fb-root\"><\/div>\n<p>SAN FELICE CIRCEO &#8211;\u00a0Una raffica di controlli, una ventina di verbali da mille euro ciascuno e il fermo amministrativo dei veicoli utilizzati per andare a gettare i sacchi nei punti pi\u00f9 sensibili del territorio. \u00c8 il bilancio delle ultime settimane di attivit\u00e0 contro l\u2019abbandono dei rifiuti a San Felice Circeo, un fenomeno tornato a crescere e confermato anche dal calo dei dati della raccolta differenziata.<\/p>\n<p>Su impulso dell\u2019Amministrazione comunale, la Polizia Locale ha intensificato le verifiche su strada, mentre nuove telecamere sono state installate nei punti considerati pi\u00f9 sensibili e interessati dal fenomeno dell\u2019abbandono di rifiuti. I controlli hanno permesso di individuare diversi responsabili, colti mentre conferivano rifiuti. Le sanzioni elevate \u2013 circa ventimila euro complessivi \u2013 si accompagnano, come previsto dalla normativa, al fermo amministrativo dei veicoli utilizzati per raggiungere i luoghi dell\u2019abbandono.<\/p>\n<p>L\u2019Amministrazione ribadisce che la tutela del decoro urbano e dell\u2019ambiente resta una priorit\u00e0 e annuncia che il piano di monitoraggio proseguir\u00e0 senza sosta, con ulteriori implementazioni del sistema di videosorveglianza e controlli mirati nelle prossime settimane.<\/p>\n<p>&nbsp;<\/p>\n<div class=\"radio-posizionamento-telefono-in-articoli-dopo-il-contenuto-articolo radio-entity-placement\" id=\"radio-2512452916\"><div id=\"radio-411776054\"><a href=\"https:\/\/www.simeoneceramiche.com\/\" aria-label=\"SIMEONE CERAMICHE GIF animata per radioluna_Tavola disegno 1 copia 2 (online-video-cutter.com)\"><img loading=\"lazy\" decoding=\"async\" src=\"https:\/\/www.radioluna.it\/news\/wp-content\/uploads\/2025\/05\/SIMEONE-CERAMICHE-GIF-animata-per-radioluna_Tavola-disegno-1-copia-2-online-video-cutter.com_.gif\" alt=\"\"  width=\"300\" height=\"250\"   \/><\/a><\/div><\/div>","protected":false},"excerpt":{"rendered":"<p>SAN FELICE CIRCEO &#8211;\u00a0Una raffica di controlli, una ventina di verbali da mille euro ciascuno e il fermo amministrativo dei veicoli utilizzati per andare a gettare i sacchi nei punti pi\u00f9 sensibili del territorio. \u00c8 il bilancio delle ultime settimane di attivit\u00e0 contro l\u2019abbandono dei rifiuti a San Felice Circeo, un fenomeno tornato a crescere [&hellip;]<\/p>\n","protected":false},"author":62,"featured_media":427429,"comment_status":"closed","ping_status":"open","sticky":false,"template":"","format":"standard","meta":{"footnotes":""},"categories":[7],"tags":[],"class_list":["post-427413","post","type-post","status-publish","format-standard","has-post-thumbnail","hentry","category-cronaca"],"_links":{"self":[{"href":"https:\/\/www.radioluna.it\/news\/wp-json\/wp\/v2\/posts\/427413","targetHints":{"allow":["GET"]}}],"collection":[{"href":"https:\/\/www.radioluna.it\/news\/wp-json\/wp\/v2\/posts"}],"about":[{"href":"https:\/\/www.radioluna.it\/news\/wp-json\/wp\/v2\/types\/post"}],"author":[{"embeddable":true,"href":"https:\/\/www.radioluna.it\/news\/wp-json\/wp\/v2\/users\/62"}],"replies":[{"embeddable":true,"href":"https:\/\/www.radioluna.it\/news\/wp-json\/wp\/v2\/comments?post=427413"}],"version-history":[{"count":1,"href":"https:\/\/www.radioluna.it\/news\/wp-json\/wp\/v2\/posts\/427413\/revisions"}],"predecessor-version":[{"id":427414,"href":"https:\/\/www.radioluna.it\/news\/wp-json\/wp\/v2\/posts\/427413\/revisions\/427414"}],"wp:featuredmedia":[{"embeddable":true,"href":"https:\/\/www.radioluna.it\/news\/wp-json\/wp\/v2\/media\/427429"}],"wp:attachment":[{"href":"https:\/\/www.radioluna.it\/news\/wp-json\/wp\/v2\/media?parent=427413"}],"wp:term":[{"taxonomy":"category","embeddable":true,"href":"https:\/\/www.radioluna.it\/news\/wp-json\/wp\/v2\/categories?post=427413"},{"taxonomy":"post_tag","embeddable":true,"href":"https:\/\/www.radioluna.it\/news\/wp-json\/wp\/v2\/tags?post=427413"}],"curies":[{"name":"wp","href":"https:\/\/api.w.org\/{rel}","templated":true}]}}