{"id":427480,"date":"2026-04-26T07:54:19","date_gmt":"2026-04-26T05:54:19","guid":{"rendered":"https:\/\/www.radioluna.it\/news\/?p=427480"},"modified":"2026-04-26T07:54:19","modified_gmt":"2026-04-26T05:54:19","slug":"terracina-furto-in-supermercato-scatta-la-denuncia","status":"publish","type":"post","link":"https:\/\/www.radioluna.it\/news\/2026\/04\/terracina-furto-in-supermercato-scatta-la-denuncia\/","title":{"rendered":"Terracina, furto in supermercato: scatta la denuncia"},"content":{"rendered":"<div id=\"fb-root\"><\/div>\n<p>Gli agenti della volante del Commissariato di Polizia di Terracina hanno notato, all\u2019interno di un parcheggio, tre persone in auto che, alla vista della pattuglia, hanno tentato di allontanarsi molto velocemente.\u00a0 Fermati per un controllo, le persone in auto sono risultate gravate da numerosi precedenti di polizia. Inizialmente si sono anche \u00a0rifiutati di permettere l\u2019ispezione del bagagliaio. All\u2019interno del veicolo sono stati rinvenuti due climatizzatori ancora imballati, dei quali non hanno giustificato la provenienza n\u00e9 esibire documentazione d\u2019acquisto. Gli ulteriori accertamenti svolti, hanno permesso di risalire al furto appena consumato presso un supermercato di Terracina. Il responsabile dell\u2019attivit\u00e0 commerciale ha formalizzato la denuncia, consegnando agli investigatori le immagini del sistema di videosorveglianza che hanno documentato chiaramente la sottrazione della merce e il coinvolgimento dei soggetti fermati. Uno dei tre \u00e8 stato denunciato in stato di libert\u00e0 per il reato di furto, mentre la merce \u00e8 stata restituita all\u2019avente diritto. Sono in corso ulteriori verifiche sulla posizione degli altri individui coinvolti.<\/p>\n<div class=\"radio-posizionamento-telefono-in-articoli-dopo-il-contenuto-articolo radio-entity-placement\" id=\"radio-1352766696\"><div id=\"radio-1654973649\" style=\"width: 300px;height: 250px;\"><a href=\"https:\/\/www.icarspa.it\/auto\/usate\/latina\/\" aria-label=\"banner aprile icar new life &#8211; auto usate latina\"><img loading=\"lazy\" decoding=\"async\" src=\"https:\/\/www.radioluna.it\/news\/wp-content\/uploads\/2026\/02\/banner-aprile-icar-new-life-auto-usate-latina.gif\" alt=\"\"  width=\"300\" height=\"250\"   \/><\/a><\/div><\/div>","protected":false},"excerpt":{"rendered":"<p>Gli agenti della volante del Commissariato di Polizia di Terracina hanno notato, all\u2019interno di un parcheggio, tre persone in auto che, alla vista della pattuglia, hanno tentato di allontanarsi molto velocemente.\u00a0 Fermati per un controllo, le persone in auto sono risultate gravate da numerosi precedenti di polizia. Inizialmente si sono anche \u00a0rifiutati di permettere l\u2019ispezione [&hellip;]<\/p>\n","protected":false},"author":5444,"featured_media":427481,"comment_status":"closed","ping_status":"open","sticky":false,"template":"","format":"standard","meta":{"footnotes":""},"categories":[2256,2428],"tags":[5738],"class_list":["post-427480","post","type-post","status-publish","format-standard","has-post-thumbnail","hentry","category-prima-pagina","category-primo-piano","tag-in-primo-piano"],"_links":{"self":[{"href":"https:\/\/www.radioluna.it\/news\/wp-json\/wp\/v2\/posts\/427480","targetHints":{"allow":["GET"]}}],"collection":[{"href":"https:\/\/www.radioluna.it\/news\/wp-json\/wp\/v2\/posts"}],"about":[{"href":"https:\/\/www.radioluna.it\/news\/wp-json\/wp\/v2\/types\/post"}],"author":[{"embeddable":true,"href":"https:\/\/www.radioluna.it\/news\/wp-json\/wp\/v2\/users\/5444"}],"replies":[{"embeddable":true,"href":"https:\/\/www.radioluna.it\/news\/wp-json\/wp\/v2\/comments?post=427480"}],"version-history":[{"count":1,"href":"https:\/\/www.radioluna.it\/news\/wp-json\/wp\/v2\/posts\/427480\/revisions"}],"predecessor-version":[{"id":427483,"href":"https:\/\/www.radioluna.it\/news\/wp-json\/wp\/v2\/posts\/427480\/revisions\/427483"}],"wp:featuredmedia":[{"embeddable":true,"href":"https:\/\/www.radioluna.it\/news\/wp-json\/wp\/v2\/media\/427481"}],"wp:attachment":[{"href":"https:\/\/www.radioluna.it\/news\/wp-json\/wp\/v2\/media?parent=427480"}],"wp:term":[{"taxonomy":"category","embeddable":true,"href":"https:\/\/www.radioluna.it\/news\/wp-json\/wp\/v2\/categories?post=427480"},{"taxonomy":"post_tag","embeddable":true,"href":"https:\/\/www.radioluna.it\/news\/wp-json\/wp\/v2\/tags?post=427480"}],"curies":[{"name":"wp","href":"https:\/\/api.w.org\/{rel}","templated":true}]}}