{"id":427482,"date":"2026-04-26T07:56:49","date_gmt":"2026-04-26T05:56:49","guid":{"rendered":"https:\/\/www.radioluna.it\/news\/?p=427482"},"modified":"2026-04-26T07:56:49","modified_gmt":"2026-04-26T05:56:49","slug":"abbandono-di-rifiuti-a-sezze-24-sanzioni-in-un-mese-grazie-alle-foto-trappole","status":"publish","type":"post","link":"https:\/\/www.radioluna.it\/news\/2026\/04\/abbandono-di-rifiuti-a-sezze-24-sanzioni-in-un-mese-grazie-alle-foto-trappole\/","title":{"rendered":"Abbandono di rifiuti: a Sezze, 24 sanzioni in un mese grazie alle foto trappole"},"content":{"rendered":"<div id=\"fb-root\"><\/div>\n<p>Ventiquattro sanzioni nell\u2019ultimo mese per contrastare l\u2019abbandono illecito di rifiuti sul territorio comunale. \u00c8 il risultato dell\u2019attivit\u00e0 di controllo avviata dalla Polizia Locale, che ha posto sotto osservazione alcune delle aree pi\u00f9 esposte al fenomeno, soprattutto nella zona della pianura; il tutto grazie ad un articolato piano di istallazione di videocamere per la video sorveglianza, e foto trappole. Gli accertamenti hanno riguardato diversi punti del territorio, da via Sandalara, a via Sicilia fino al centro storico. In alcuni casi \u00e8 stato anche disposto il fermo amministrativo del mezzo utilizzato per commettere l&#8217;infrazione. &#8220;Dopo il potenziamento del sistema di videosorveglianza &#8211; ha dichiarato il sindaco Lidano Lucidi &#8211; abbiamo intensificato l&#8217;azione di contrasto all&#8217;abbandono dei rifiuti. Ci vuole repressione ma anche senso civico, Sezze non \u00e8 del sindaco, \u00e8 di tutti anche delle stesse persone che abbandonano i rifiuti. Se non si capisce questo dovremmo avere una telecamera in ogni angolo del paese. Sezze \u00e8 la casa di tutti: rispettarla significa tutelare la qualit\u00e0 della vita della nostra comunit\u00e0\u201d.<\/p>\n<div class=\"radio-posizionamento-telefono-in-articoli-dopo-il-contenuto-articolo radio-entity-placement\" id=\"radio-3373471132\"><div id=\"radio-2249308211\"><a href=\"https:\/\/grupporedi.it\/\" aria-label=\"Redi-Qr\"><img loading=\"lazy\" decoding=\"async\" src=\"https:\/\/www.radioluna.it\/news\/wp-content\/uploads\/2026\/03\/Redi-Qr.jpg\" alt=\"\"  srcset=\"https:\/\/www.radioluna.it\/news\/wp-content\/uploads\/2026\/03\/Redi-Qr.jpg 800w, https:\/\/www.radioluna.it\/news\/wp-content\/uploads\/2026\/03\/Redi-Qr-768x639.jpg 768w\" sizes=\"(max-width: 800px) 100vw, 800px\" width=\"300\" height=\"250\"   \/><\/a><\/div><\/div>","protected":false},"excerpt":{"rendered":"<p>Ventiquattro sanzioni nell\u2019ultimo mese per contrastare l\u2019abbandono illecito di rifiuti sul territorio comunale. \u00c8 il risultato dell\u2019attivit\u00e0 di controllo avviata dalla Polizia Locale, che ha posto sotto osservazione alcune delle aree pi\u00f9 esposte al fenomeno, soprattutto nella zona della pianura; il tutto grazie ad un articolato piano di istallazione di videocamere per la video sorveglianza, [&hellip;]<\/p>\n","protected":false},"author":5444,"featured_media":427484,"comment_status":"closed","ping_status":"open","sticky":false,"template":"","format":"standard","meta":{"footnotes":""},"categories":[1],"tags":[5738],"class_list":["post-427482","post","type-post","status-publish","format-standard","has-post-thumbnail","hentry","category-senza-categoria","tag-in-primo-piano"],"_links":{"self":[{"href":"https:\/\/www.radioluna.it\/news\/wp-json\/wp\/v2\/posts\/427482","targetHints":{"allow":["GET"]}}],"collection":[{"href":"https:\/\/www.radioluna.it\/news\/wp-json\/wp\/v2\/posts"}],"about":[{"href":"https:\/\/www.radioluna.it\/news\/wp-json\/wp\/v2\/types\/post"}],"author":[{"embeddable":true,"href":"https:\/\/www.radioluna.it\/news\/wp-json\/wp\/v2\/users\/5444"}],"replies":[{"embeddable":true,"href":"https:\/\/www.radioluna.it\/news\/wp-json\/wp\/v2\/comments?post=427482"}],"version-history":[{"count":1,"href":"https:\/\/www.radioluna.it\/news\/wp-json\/wp\/v2\/posts\/427482\/revisions"}],"predecessor-version":[{"id":427485,"href":"https:\/\/www.radioluna.it\/news\/wp-json\/wp\/v2\/posts\/427482\/revisions\/427485"}],"wp:featuredmedia":[{"embeddable":true,"href":"https:\/\/www.radioluna.it\/news\/wp-json\/wp\/v2\/media\/427484"}],"wp:attachment":[{"href":"https:\/\/www.radioluna.it\/news\/wp-json\/wp\/v2\/media?parent=427482"}],"wp:term":[{"taxonomy":"category","embeddable":true,"href":"https:\/\/www.radioluna.it\/news\/wp-json\/wp\/v2\/categories?post=427482"},{"taxonomy":"post_tag","embeddable":true,"href":"https:\/\/www.radioluna.it\/news\/wp-json\/wp\/v2\/tags?post=427482"}],"curies":[{"name":"wp","href":"https:\/\/api.w.org\/{rel}","templated":true}]}}