{"id":427486,"date":"2026-04-26T08:04:32","date_gmt":"2026-04-26T06:04:32","guid":{"rendered":"https:\/\/www.radioluna.it\/news\/?p=427486"},"modified":"2026-04-26T08:04:32","modified_gmt":"2026-04-26T06:04:32","slug":"gaeta-e-tisno-al-via-liter-per-il-gemellaggio-nel-segno-dei-maestri-dascia-il-soggiorno-dal-27-al-20-aprile","status":"publish","type":"post","link":"https:\/\/www.radioluna.it\/news\/2026\/04\/gaeta-e-tisno-al-via-liter-per-il-gemellaggio-nel-segno-dei-maestri-dascia-il-soggiorno-dal-27-al-20-aprile\/","title":{"rendered":"Gaeta e Tisno: Al via l\u2019iter per il gemellaggio nel segno dei maestri d\u2019ascia, il soggiorno dal 27 al 20 Aprile"},"content":{"rendered":"<div id=\"fb-root\"><\/div>\n<p>Un ponte ideale, lungo secoli e costruito sul legno pregiato delle imbarcazioni tradizionali, unisce\u00a0 Gaeta e la citt\u00e0 croata di Tisno. Il Sindaco di Gaeta, Cristian Leccese, accoglier\u00e0 luned\u00ec 27 aprile, presso la Sala Consiliare, una delegazione ufficiale proveniente dalla Croazia per avviare formalmente i rapporti di amicizia e gemellaggio tra le due comunit\u00e0. La delegazione croata, guidata dal Sindaco di Tisno, Kristijan Jareb, sar\u00e0 composta dal consigliere comunale Tomislav Bili\u0107, da Marinka Fr\u017eop, presidente dell\u2019Associazione \u00abBetinska gajeta\u00bb, e da Dinko Foreti\u0107, presidente dell\u2019Associazione \u00abHrvatski drveni brodovi\u00bb. All\u2019incontro istituzionale prender\u00e0 parte anche il Presidente del Consiglio Comunale di Gaeta, Gennaro Dies.<\/p>\n<p>Il cuore di questo legame risiede nella frazione di Betina, centro d&#8217;eccellenza della cantieristica navale croata, dove dal 1740 si tramanda l\u2019arte dei \u00abkalafati\u00bb (maestri d\u2019ascia). Proprio qui \u00e8 nata la <strong>\u00ab<\/strong>Gajeta Betina<strong>\u00bb<\/strong>, un\u2019imbarcazione robusta e versatile il cui nome stesso richiama direttamente l\u2019influenza e i modelli costruttivi della gloriosa Repubblica Marinara di Gaeta, adottati e perfezionati dai maestri dalmati.<\/p>\n<p><em>\u00ab\u00c8 con profondo orgoglio e senso di appartenenza \u2013 <\/em>esordisce il Sindaco Cristian Leccese<em> \u2013 che accogliamo la delegazione di Tisno nella nostra citt\u00e0. Non si tratta di un semplice incontro istituzionale, ma del ricongiungimento di due comunit\u00e0 che condividono un DNA marittimo comune. Il nome della &#8216;Gajeta&#8217; di Betina \u00e8 la prova storica di come l&#8217;ingegno e l&#8217;arte cantieristica della nostra antica Repubblica abbiano navigato oltre i confini del Tirreno, influenzando le maestranze dell&#8217;Adriatico\u00bb. <\/em>Poi il primo cittadino spiega:<em> \u00abOggi, riscoprendo queste radici legate ai maestri d&#8217;ascia e alla costruzione navale in legno \u2013 che a Gaeta vanta tradizioni d&#8217;eccellenza sin dal periodo ducale \u2013 apriamo una stagione di cooperazione culturale e turistica. Vogliamo che questo gemellaggio sia un volano per la valorizzazione del nostro patrimonio immateriale e per il potenziamento delle attivit\u00e0 legate alla nostra economia del mare\u00bb.<\/em><\/p>\n<p>Durante il soggiorno (27-29 aprile), gli ospiti croati avranno l&#8217;opportunit\u00e0 di immergersi nella realt\u00e0 gaetana, visitando le principali attrazioni storiche e, in particolare, i cantieri navali locali. Questo confronto tecnico e culturale tra i discendenti delle famiglie Filipi e Uroda di Betina e i maestri d&#8217;ascia gaetani rappresenter\u00e0 il momento clou della visita, volto a salvaguardare un&#8217;arte, quella della costruzione in legno, oggi protetta come patrimonio culturale. La visita segna il primo passo verso un patto di gemellaggio che intende unire due territori che, seppur divisi dal mare, parlano la stessa lingua: quella del vento, della vela latina e della sapienza artigiana.<\/p>\n<div class=\"radio-posizionamento-telefono-in-articoli-dopo-il-contenuto-articolo radio-entity-placement\" id=\"radio-1799245938\"><div id=\"radio-1087724260\"><a href=\"https:\/\/grupporedi.it\/\" aria-label=\"Redi-Qr\"><img loading=\"lazy\" decoding=\"async\" src=\"https:\/\/www.radioluna.it\/news\/wp-content\/uploads\/2026\/03\/Redi-Qr.jpg\" alt=\"\"  srcset=\"https:\/\/www.radioluna.it\/news\/wp-content\/uploads\/2026\/03\/Redi-Qr.jpg 800w, https:\/\/www.radioluna.it\/news\/wp-content\/uploads\/2026\/03\/Redi-Qr-768x639.jpg 768w\" sizes=\"(max-width: 800px) 100vw, 800px\" width=\"300\" height=\"250\"   \/><\/a><\/div><\/div>","protected":false},"excerpt":{"rendered":"<p>Un ponte ideale, lungo secoli e costruito sul legno pregiato delle imbarcazioni tradizionali, unisce\u00a0 Gaeta e la citt\u00e0 croata di Tisno. Il Sindaco di Gaeta, Cristian Leccese, accoglier\u00e0 luned\u00ec 27 aprile, presso la Sala Consiliare, una delegazione ufficiale proveniente dalla Croazia per avviare formalmente i rapporti di amicizia e gemellaggio tra le due comunit\u00e0. La [&hellip;]<\/p>\n","protected":false},"author":5444,"featured_media":427487,"comment_status":"closed","ping_status":"open","sticky":false,"template":"","format":"standard","meta":{"footnotes":""},"categories":[16,734],"tags":[],"class_list":["post-427486","post","type-post","status-publish","format-standard","has-post-thumbnail","hentry","category-appuntamenti","category-evidenza"],"_links":{"self":[{"href":"https:\/\/www.radioluna.it\/news\/wp-json\/wp\/v2\/posts\/427486","targetHints":{"allow":["GET"]}}],"collection":[{"href":"https:\/\/www.radioluna.it\/news\/wp-json\/wp\/v2\/posts"}],"about":[{"href":"https:\/\/www.radioluna.it\/news\/wp-json\/wp\/v2\/types\/post"}],"author":[{"embeddable":true,"href":"https:\/\/www.radioluna.it\/news\/wp-json\/wp\/v2\/users\/5444"}],"replies":[{"embeddable":true,"href":"https:\/\/www.radioluna.it\/news\/wp-json\/wp\/v2\/comments?post=427486"}],"version-history":[{"count":1,"href":"https:\/\/www.radioluna.it\/news\/wp-json\/wp\/v2\/posts\/427486\/revisions"}],"predecessor-version":[{"id":427488,"href":"https:\/\/www.radioluna.it\/news\/wp-json\/wp\/v2\/posts\/427486\/revisions\/427488"}],"wp:featuredmedia":[{"embeddable":true,"href":"https:\/\/www.radioluna.it\/news\/wp-json\/wp\/v2\/media\/427487"}],"wp:attachment":[{"href":"https:\/\/www.radioluna.it\/news\/wp-json\/wp\/v2\/media?parent=427486"}],"wp:term":[{"taxonomy":"category","embeddable":true,"href":"https:\/\/www.radioluna.it\/news\/wp-json\/wp\/v2\/categories?post=427486"},{"taxonomy":"post_tag","embeddable":true,"href":"https:\/\/www.radioluna.it\/news\/wp-json\/wp\/v2\/tags?post=427486"}],"curies":[{"name":"wp","href":"https:\/\/api.w.org\/{rel}","templated":true}]}}