{"id":427500,"date":"2026-04-26T09:07:27","date_gmt":"2026-04-26T07:07:27","guid":{"rendered":"https:\/\/www.radioluna.it\/news\/?p=427500"},"modified":"2026-04-26T11:21:36","modified_gmt":"2026-04-26T09:21:36","slug":"latina-linaugurazione-del-restaurato-monumento-ai-caduti-di-borgo-grappa","status":"publish","type":"post","link":"https:\/\/www.radioluna.it\/news\/2026\/04\/latina-linaugurazione-del-restaurato-monumento-ai-caduti-di-borgo-grappa\/","title":{"rendered":"Latina: l&#8217;inaugurazione del restaurato monumento ai Caduti di Borgo Grappa"},"content":{"rendered":"<div id=\"fb-root\"><\/div>\n<p>Si \u00e8 tenuta\u00a0 questa mattina, domenica 26 aprile, l&#8217;inaugurazione del restaurato monumento ai Caduti di Borgo Grappa.\u00a0 Alle ore 9.30 si \u00e8 tenuta\u00a0 la Santa Messa in onore ai Caduti di tutte le guerre presso la Parrocchia San Giuseppe di Borgo Grappa e, alle ore 10.15, la cerimonia di inaugurazione e l&#8217;intervento del sindaco Matilde Celentano.<\/p>\n<audio class=\"wp-audio-shortcode\" id=\"audio-427500-1\" preload=\"none\" style=\"width: 100%;\" controls=\"controls\"><source type=\"audio\/mpeg\" src=\"https:\/\/www.radioluna.it\/news\/wp-content\/uploads\/2026\/04\/CELENTANO_BORGO-GRAPPA.mp3?_=1\" \/><a href=\"https:\/\/www.radioluna.it\/news\/wp-content\/uploads\/2026\/04\/CELENTANO_BORGO-GRAPPA.mp3\">https:\/\/www.radioluna.it\/news\/wp-content\/uploads\/2026\/04\/CELENTANO_BORGO-GRAPPA.mp3<\/a><\/audio>\n<p>2Certamente dobbiamo ringraziare gli uffici che su questo lavoro ci hanno messo non soltanto l&#8217;impegno ma anche un lavoro di squadra, di gruppo che si vede i suoi frutti oggi. Il ringraziamento lo dobbiamo anche a tutta quanta la commissione urbanistica, ai consiglieri comunali, generalmente a tutta l&#8217;amministrazione perch\u00e9 questo \u00e8 l&#8217;obiettivo che ci stiamo ponendo, cio\u00e8 di recuperare quelli che sono i valori storici, i valori culturali, identitari di ogni borgo. Arriveremo fino al 2032 lavorando in questo modo su ogni borgo&#8221;. Lo ha detto l&#8217;assessore ai borghi Annalisa Muzio<\/p>\n<p>&nbsp;<\/p>\n<audio class=\"wp-audio-shortcode\" id=\"audio-427500-2\" preload=\"none\" style=\"width: 100%;\" controls=\"controls\"><source type=\"audio\/mpeg\" src=\"https:\/\/www.radioluna.it\/news\/wp-content\/uploads\/2026\/04\/MUZIO_BORGO-GRAPPA.mp3?_=2\" \/><a href=\"https:\/\/www.radioluna.it\/news\/wp-content\/uploads\/2026\/04\/MUZIO_BORGO-GRAPPA.mp3\">https:\/\/www.radioluna.it\/news\/wp-content\/uploads\/2026\/04\/MUZIO_BORGO-GRAPPA.mp3<\/a><\/audio>\n<div class=\"radio-posizionamento-telefono-in-articoli-dopo-il-contenuto-articolo radio-entity-placement\" id=\"radio-3190046517\"><div id=\"radio-3016447639\"><a href=\"https:\/\/grupporedi.it\/\" aria-label=\"Redi-Qr\"><img loading=\"lazy\" decoding=\"async\" src=\"https:\/\/www.radioluna.it\/news\/wp-content\/uploads\/2026\/03\/Redi-Qr.jpg\" alt=\"\"  srcset=\"https:\/\/www.radioluna.it\/news\/wp-content\/uploads\/2026\/03\/Redi-Qr.jpg 800w, https:\/\/www.radioluna.it\/news\/wp-content\/uploads\/2026\/03\/Redi-Qr-768x639.jpg 768w\" sizes=\"(max-width: 800px) 100vw, 800px\" width=\"300\" height=\"250\"   \/><\/a><\/div><\/div>","protected":false},"excerpt":{"rendered":"<p>Si \u00e8 tenuta\u00a0 questa mattina, domenica 26 aprile, l&#8217;inaugurazione del restaurato monumento ai Caduti di Borgo Grappa.\u00a0 Alle ore 9.30 si \u00e8 tenuta\u00a0 la Santa Messa in onore ai Caduti di tutte le guerre presso la Parrocchia San Giuseppe di Borgo Grappa e, alle ore 10.15, la cerimonia di inaugurazione e l&#8217;intervento del sindaco Matilde [&hellip;]<\/p>\n","protected":false},"author":5444,"featured_media":427513,"comment_status":"closed","ping_status":"open","sticky":false,"template":"","format":"standard","meta":{"footnotes":""},"categories":[16,734],"tags":[],"class_list":["post-427500","post","type-post","status-publish","format-standard","has-post-thumbnail","hentry","category-appuntamenti","category-evidenza"],"_links":{"self":[{"href":"https:\/\/www.radioluna.it\/news\/wp-json\/wp\/v2\/posts\/427500","targetHints":{"allow":["GET"]}}],"collection":[{"href":"https:\/\/www.radioluna.it\/news\/wp-json\/wp\/v2\/posts"}],"about":[{"href":"https:\/\/www.radioluna.it\/news\/wp-json\/wp\/v2\/types\/post"}],"author":[{"embeddable":true,"href":"https:\/\/www.radioluna.it\/news\/wp-json\/wp\/v2\/users\/5444"}],"replies":[{"embeddable":true,"href":"https:\/\/www.radioluna.it\/news\/wp-json\/wp\/v2\/comments?post=427500"}],"version-history":[{"count":4,"href":"https:\/\/www.radioluna.it\/news\/wp-json\/wp\/v2\/posts\/427500\/revisions"}],"predecessor-version":[{"id":427512,"href":"https:\/\/www.radioluna.it\/news\/wp-json\/wp\/v2\/posts\/427500\/revisions\/427512"}],"wp:featuredmedia":[{"embeddable":true,"href":"https:\/\/www.radioluna.it\/news\/wp-json\/wp\/v2\/media\/427513"}],"wp:attachment":[{"href":"https:\/\/www.radioluna.it\/news\/wp-json\/wp\/v2\/media?parent=427500"}],"wp:term":[{"taxonomy":"category","embeddable":true,"href":"https:\/\/www.radioluna.it\/news\/wp-json\/wp\/v2\/categories?post=427500"},{"taxonomy":"post_tag","embeddable":true,"href":"https:\/\/www.radioluna.it\/news\/wp-json\/wp\/v2\/tags?post=427500"}],"curies":[{"name":"wp","href":"https:\/\/api.w.org\/{rel}","templated":true}]}}