{"id":427514,"date":"2026-04-27T06:33:25","date_gmt":"2026-04-27T04:33:25","guid":{"rendered":"https:\/\/www.radioluna.it\/news\/?p=427514"},"modified":"2026-04-27T07:01:35","modified_gmt":"2026-04-27T05:01:35","slug":"la-benacquista-vince-contro-faenza-e-va-ai-playoff-terza-classificata","status":"publish","type":"post","link":"https:\/\/www.radioluna.it\/news\/2026\/04\/la-benacquista-vince-contro-faenza-e-va-ai-playoff-terza-classificata\/","title":{"rendered":"Basket, la Benacquista Latina vince contro Faenza e va ai playoff terza classificata"},"content":{"rendered":"<div id=\"fb-root\"><\/div>\n<p style=\"text-align: justify;\"><strong>LATINA<\/strong> &#8211; Si chiude con una vittoria e con il terzo posto in classifica la regular season della Benacquista Assicurazioni Latina Basket, al termine di una gara che, come sottolineato in sala stampa da coach Franco Gramenzi, aveva un peso relativo per entrambe le formazioni ma rappresentava comunque l\u2019ultimo passo di un percorso lungo, intenso e tutt\u2019altro che semplice. Contro Faenza \u00e8 finita 70-62. Il tecnico nerazzurro ha voluto porre l\u2019accento soprattutto sul valore complessivo della stagione che ha definito &#8220;un campionato eccezionale\u201d.<\/p>\n<p style=\"text-align: justify;\">Ora lo sguardo \u00e8 rivolto alla post season: Latina affronter\u00e0 nei quarti di finale playoff la Tav Treviglio Brianza Basket, con una serie al meglio delle cinque gare che prender\u00e0 il via l\u20198 maggio.<\/p>\n<p style=\"text-align: justify;\">&#8220;Si apre cos\u00ec una nuova fase, la pi\u00f9 affascinante dell\u2019anno, in cui tutto si rimette in gioco e in cui Latina vuole continuare a essere protagonista, con la stessa determinazione che l\u2019ha accompagnata lungo tutta la stagione&#8221;, dicono dal club.<\/p>\n<div class=\"radio-posizionamento-telefono-in-articoli-dopo-il-contenuto-articolo radio-entity-placement\" id=\"radio-2867978768\"><div id=\"radio-3496565462\"><a href=\"https:\/\/www.simeoneceramiche.com\/\" aria-label=\"SIMEONE CERAMICHE GIF animata per radioluna_Tavola disegno 1 copia 2 (online-video-cutter.com)\"><img loading=\"lazy\" decoding=\"async\" src=\"https:\/\/www.radioluna.it\/news\/wp-content\/uploads\/2025\/05\/SIMEONE-CERAMICHE-GIF-animata-per-radioluna_Tavola-disegno-1-copia-2-online-video-cutter.com_.gif\" alt=\"\"  width=\"300\" height=\"250\"   \/><\/a><\/div><\/div>","protected":false},"excerpt":{"rendered":"<p>LATINA &#8211; Si chiude con una vittoria e con il terzo posto in classifica la regular season della Benacquista Assicurazioni Latina Basket, al termine di una gara che, come sottolineato in sala stampa da coach Franco Gramenzi, aveva un peso relativo per entrambe le formazioni ma rappresentava comunque l\u2019ultimo passo di un percorso lungo, intenso [&hellip;]<\/p>\n","protected":false},"author":5430,"featured_media":427515,"comment_status":"closed","ping_status":"open","sticky":false,"template":"","format":"standard","meta":{"footnotes":""},"categories":[17],"tags":[],"class_list":["post-427514","post","type-post","status-publish","format-standard","has-post-thumbnail","hentry","category-sport"],"_links":{"self":[{"href":"https:\/\/www.radioluna.it\/news\/wp-json\/wp\/v2\/posts\/427514","targetHints":{"allow":["GET"]}}],"collection":[{"href":"https:\/\/www.radioluna.it\/news\/wp-json\/wp\/v2\/posts"}],"about":[{"href":"https:\/\/www.radioluna.it\/news\/wp-json\/wp\/v2\/types\/post"}],"author":[{"embeddable":true,"href":"https:\/\/www.radioluna.it\/news\/wp-json\/wp\/v2\/users\/5430"}],"replies":[{"embeddable":true,"href":"https:\/\/www.radioluna.it\/news\/wp-json\/wp\/v2\/comments?post=427514"}],"version-history":[{"count":4,"href":"https:\/\/www.radioluna.it\/news\/wp-json\/wp\/v2\/posts\/427514\/revisions"}],"predecessor-version":[{"id":427519,"href":"https:\/\/www.radioluna.it\/news\/wp-json\/wp\/v2\/posts\/427514\/revisions\/427519"}],"wp:featuredmedia":[{"embeddable":true,"href":"https:\/\/www.radioluna.it\/news\/wp-json\/wp\/v2\/media\/427515"}],"wp:attachment":[{"href":"https:\/\/www.radioluna.it\/news\/wp-json\/wp\/v2\/media?parent=427514"}],"wp:term":[{"taxonomy":"category","embeddable":true,"href":"https:\/\/www.radioluna.it\/news\/wp-json\/wp\/v2\/categories?post=427514"},{"taxonomy":"post_tag","embeddable":true,"href":"https:\/\/www.radioluna.it\/news\/wp-json\/wp\/v2\/tags?post=427514"}],"curies":[{"name":"wp","href":"https:\/\/api.w.org\/{rel}","templated":true}]}}