{"id":427538,"date":"2026-04-27T07:40:27","date_gmt":"2026-04-27T05:40:27","guid":{"rendered":"https:\/\/www.radioluna.it\/news\/?p=427538"},"modified":"2026-04-27T09:35:24","modified_gmt":"2026-04-27T07:35:24","slug":"uno-squalo-a-riva-tra-terracina-e-san-felice-circeo-e-una-verdesca","status":"publish","type":"post","link":"https:\/\/www.radioluna.it\/news\/2026\/04\/uno-squalo-a-riva-tra-terracina-e-san-felice-circeo-e-una-verdesca\/","title":{"rendered":"Uno squalo a riva tra Terracina e San Felice Circeo: \u00e8 una verdesca"},"content":{"rendered":"<div id=\"fb-root\"><\/div>\n<p style=\"text-align: justify;\"><strong>LATINA<\/strong> &#8211; Apprensione tra i bagnanti nel \u00a0tratto di mare tra \u00a0Terracina e San Felice Circeo dove ieri, a riva, si muoveva uno squalo ed \u00e8 stato subito ripreso da qualcuno con un telefonino. Con il Promontorio ben visibile sullo sfondo, dove l&#8217;acqua \u00e8 alta poche decine di centimetri, la verdesca, della lunghezza di circa un metro e mezzo, probabilmente era arrivata cos\u00ec&#8217; vicino alla spiaggia inseguendo una preda. Il video \u00e8 diventato virale. Anche se altri squali dello stesso tipo sono stati avvistati in passato, ed \u00e8 ormai consolidata la sua presenza nei mari pontini, la vista del predatore suscita sempre un certo effetto. La verdesca ha poi ripreso il largo ed \u00e8 sparita.<\/p>\n","protected":false},"excerpt":{"rendered":"<p>LATINA &#8211; Apprensione tra i bagnanti nel \u00a0tratto di mare tra \u00a0Terracina e San Felice Circeo dove ieri, a riva, si muoveva uno squalo ed \u00e8 stato subito ripreso da qualcuno con un telefonino. Con il Promontorio ben visibile sullo sfondo, dove l&#8217;acqua \u00e8 alta poche decine di centimetri, la verdesca, della lunghezza di circa [&hellip;]<\/p>\n","protected":false},"author":62,"featured_media":427539,"comment_status":"closed","ping_status":"open","sticky":false,"template":"","format":"standard","meta":{"footnotes":""},"categories":[7,2256,2428],"tags":[5738],"class_list":["post-427538","post","type-post","status-publish","format-standard","has-post-thumbnail","hentry","category-cronaca","category-prima-pagina","category-primo-piano","tag-in-primo-piano"],"_links":{"self":[{"href":"https:\/\/www.radioluna.it\/news\/wp-json\/wp\/v2\/posts\/427538","targetHints":{"allow":["GET"]}}],"collection":[{"href":"https:\/\/www.radioluna.it\/news\/wp-json\/wp\/v2\/posts"}],"about":[{"href":"https:\/\/www.radioluna.it\/news\/wp-json\/wp\/v2\/types\/post"}],"author":[{"embeddable":true,"href":"https:\/\/www.radioluna.it\/news\/wp-json\/wp\/v2\/users\/62"}],"replies":[{"embeddable":true,"href":"https:\/\/www.radioluna.it\/news\/wp-json\/wp\/v2\/comments?post=427538"}],"version-history":[{"count":2,"href":"https:\/\/www.radioluna.it\/news\/wp-json\/wp\/v2\/posts\/427538\/revisions"}],"predecessor-version":[{"id":427541,"href":"https:\/\/www.radioluna.it\/news\/wp-json\/wp\/v2\/posts\/427538\/revisions\/427541"}],"wp:featuredmedia":[{"embeddable":true,"href":"https:\/\/www.radioluna.it\/news\/wp-json\/wp\/v2\/media\/427539"}],"wp:attachment":[{"href":"https:\/\/www.radioluna.it\/news\/wp-json\/wp\/v2\/media?parent=427538"}],"wp:term":[{"taxonomy":"category","embeddable":true,"href":"https:\/\/www.radioluna.it\/news\/wp-json\/wp\/v2\/categories?post=427538"},{"taxonomy":"post_tag","embeddable":true,"href":"https:\/\/www.radioluna.it\/news\/wp-json\/wp\/v2\/tags?post=427538"}],"curies":[{"name":"wp","href":"https:\/\/api.w.org\/{rel}","templated":true}]}}