{"id":427543,"date":"2026-04-27T08:29:34","date_gmt":"2026-04-27T06:29:34","guid":{"rendered":"https:\/\/www.radioluna.it\/news\/?p=427543"},"modified":"2026-04-27T08:30:08","modified_gmt":"2026-04-27T06:30:08","slug":"scritte-vandaliche-in-piazza-buozzi-la-condanna-della-sindaca-di-latina","status":"publish","type":"post","link":"https:\/\/www.radioluna.it\/news\/2026\/04\/scritte-vandaliche-in-piazza-buozzi-la-condanna-della-sindaca-di-latina\/","title":{"rendered":"Scritte vandaliche in Piazza Buozzi, &#8220;Israele criminale&#8221;: la condanna della Sindaca di Latina"},"content":{"rendered":"<div id=\"fb-root\"><\/div>\n<p><strong>LATINA<\/strong> &#8211; Il Comune ha ordinato l\u2019immediata rimozione delle scritte apparse domenica mattina alla base di uno dei palazzi che fanno da quinta a Piazza Buozzi, di fronte al Tribunale di Latina dove si leggeva \u201cIsraele Criminale\u201d ed \u00e8 stata vergata una stella a cinque punte con all&#8217;interno la svastica. &#8220;Esprimo la pi\u00f9 ferma e totale condanna per l&#8217;ignobile atto di vandalismo che ha colpito la nostra citt\u00e0 questa mattina\u201d, commenta la sindaca Matilde Celentano definendo le scritte antisemite ed esprimendo &#8220;piena solidariet\u00e0 all\u2019Unione associazioni Italia-Israele, alla comunit\u00e0 ebraica e a tutti i cittadini che si sono sentiti minacciati da queste intimidazioni. L\u2019utilizzo di certe simbologie\u00a0 &#8211; aggiunge Celentano in una nota &#8211; \u00e8 inaccettabile e non pu\u00f2 essere derubricato a semplice &#8216;bravata&#8217; o critica politica. Si tratta di un linguaggio d&#8217;odio che non trova e non trover\u00e0 mai spazio nella nostra citt\u00e0&#8221;.<\/p>\n<p>Poi annuncia di aver dato mandato agli uffici comunali affinch\u00e9 le scritte vengano rimosse con la massima urgenza. &#8220;Confido inoltre nel lavoro delle Forze dell\u2019Ordine, che stanno gi\u00e0 verificando le immagini delle telecamere di sorveglianza della zona per individuare e sanzionare i responsabili di questo gesto vile. Le istituzioni non arretreranno di un millimetro di fronte a chi tenta di inquinare il clima sociale della nostra provincia&#8221;.<\/p>\n<p>E\u2019 quanto afferma il sindaco di Latina Matilde Celentano in merito al ritrovamento delle scritte apparse questa mattina in Piazza Bruno Buozzi, nei pressi del Tribunale di Latina.<\/p>\n<div class=\"radio-posizionamento-telefono-in-articoli-dopo-il-contenuto-articolo radio-entity-placement\" id=\"radio-4168903916\"><div id=\"radio-2114443073\"><a href=\"https:\/\/www.simeoneceramiche.com\/\" aria-label=\"SIMEONE CERAMICHE GIF animata per radioluna_Tavola disegno 1 copia 2 (online-video-cutter.com)\"><img loading=\"lazy\" decoding=\"async\" src=\"https:\/\/www.radioluna.it\/news\/wp-content\/uploads\/2025\/05\/SIMEONE-CERAMICHE-GIF-animata-per-radioluna_Tavola-disegno-1-copia-2-online-video-cutter.com_.gif\" alt=\"\"  width=\"300\" height=\"250\"   \/><\/a><\/div><\/div>","protected":false},"excerpt":{"rendered":"<p>LATINA &#8211; Il Comune ha ordinato l\u2019immediata rimozione delle scritte apparse domenica mattina alla base di uno dei palazzi che fanno da quinta a Piazza Buozzi, di fronte al Tribunale di Latina dove si leggeva \u201cIsraele Criminale\u201d ed \u00e8 stata vergata una stella a cinque punte con all&#8217;interno la svastica. &#8220;Esprimo la pi\u00f9 ferma e [&hellip;]<\/p>\n","protected":false},"author":62,"featured_media":427544,"comment_status":"closed","ping_status":"open","sticky":false,"template":"","format":"standard","meta":{"footnotes":""},"categories":[7,2256,2428],"tags":[5738],"class_list":["post-427543","post","type-post","status-publish","format-standard","has-post-thumbnail","hentry","category-cronaca","category-prima-pagina","category-primo-piano","tag-in-primo-piano"],"_links":{"self":[{"href":"https:\/\/www.radioluna.it\/news\/wp-json\/wp\/v2\/posts\/427543","targetHints":{"allow":["GET"]}}],"collection":[{"href":"https:\/\/www.radioluna.it\/news\/wp-json\/wp\/v2\/posts"}],"about":[{"href":"https:\/\/www.radioluna.it\/news\/wp-json\/wp\/v2\/types\/post"}],"author":[{"embeddable":true,"href":"https:\/\/www.radioluna.it\/news\/wp-json\/wp\/v2\/users\/62"}],"replies":[{"embeddable":true,"href":"https:\/\/www.radioluna.it\/news\/wp-json\/wp\/v2\/comments?post=427543"}],"version-history":[{"count":2,"href":"https:\/\/www.radioluna.it\/news\/wp-json\/wp\/v2\/posts\/427543\/revisions"}],"predecessor-version":[{"id":427546,"href":"https:\/\/www.radioluna.it\/news\/wp-json\/wp\/v2\/posts\/427543\/revisions\/427546"}],"wp:featuredmedia":[{"embeddable":true,"href":"https:\/\/www.radioluna.it\/news\/wp-json\/wp\/v2\/media\/427544"}],"wp:attachment":[{"href":"https:\/\/www.radioluna.it\/news\/wp-json\/wp\/v2\/media?parent=427543"}],"wp:term":[{"taxonomy":"category","embeddable":true,"href":"https:\/\/www.radioluna.it\/news\/wp-json\/wp\/v2\/categories?post=427543"},{"taxonomy":"post_tag","embeddable":true,"href":"https:\/\/www.radioluna.it\/news\/wp-json\/wp\/v2\/tags?post=427543"}],"curies":[{"name":"wp","href":"https:\/\/api.w.org\/{rel}","templated":true}]}}