{"id":427561,"date":"2026-04-27T11:02:34","date_gmt":"2026-04-27T09:02:34","guid":{"rendered":"https:\/\/www.radioluna.it\/news\/?p=427561"},"modified":"2026-04-27T11:03:12","modified_gmt":"2026-04-27T09:03:12","slug":"partigiani-pontini-medaglia-al-valor-militare-a-dante-calisi-consegnata-al-comune-di-san-felice-circeo","status":"publish","type":"post","link":"https:\/\/www.radioluna.it\/news\/2026\/04\/partigiani-pontini-medaglia-al-valor-militare-a-dante-calisi-consegnata-al-comune-di-san-felice-circeo\/","title":{"rendered":"Partigiani pontini: medaglia al Valor Militare a Dante Calisi consegnata al Comune di San Felice Circeo"},"content":{"rendered":"<div id=\"fb-root\"><\/div>\n<p style=\"text-align: justify;\"><strong>SAN FELICE CIRCEO<\/strong> &#8211; Un cittadino di San Felice Circeo, Dante Calisi, caduto durante la Resistenza, ha ricevuto in occasione del 25 aprile la Medaglia d\u2019Argento al Valor Militare \u201calla memoria\u201d attribuita dallo Stato italiano. Il riconoscimento \u00e8 stato consegnato dalla prefetta di Latina Vittoria Ciaramella, alla sindaca Monia Di Cosimo nel corso della cerimonia provinciale per l\u2019Anniversario della Liberazione tenutasi a Borgo Sabotino.<\/p>\n<p style=\"text-align: justify;\">Il riconoscimento ricorda l\u2019azione di Calisi, comandante di una compagnia mitraglieri sull\u2019isola di Lero, che dopo l\u20198 settembre 1943 partecip\u00f2 alla difesa contro le forze tedesche distinguendosi per coraggio e senso del dovere, fino alla cattura e alla successiva uccisione da parte dei nazisti.<\/p>\n<p style=\"text-align: justify;\">\u00abRicevere questa medaglia a nome della nostra comunit\u00e0 \u2013 ha dichiarato il Sindaco Monia Di Cosimo \u2013 significa restituire al Circeo un frammento essenziale della sua storia civile. Dante Calisi ha incarnato il coraggio di chi sceglie la libert\u00e0 quando farlo comporta il sacrificio pi\u00f9 grande. La sua vicenda ci ricorda che la democrazia non \u00e8 un\u2019eredit\u00e0 acquisita, ma un impegno quotidiano. Oggi San Felice Circeo lo onora con profonda gratitudine\u00bb.<\/p>\n<p style=\"text-align: justify;\">L\u2019Amministrazione Comunale rivolge un ringraziamento ai familiari di Dante Calisi, presenti alla cerimonia, per aver custodito negli anni la memoria del loro congiunto e per aver condiviso con la comunit\u00e0 un patrimonio umano e morale di grande valore. \u00abA loro \u2013 ha aggiunto il Sindaco \u2013 va il nostro pi\u00f9 sincero riconoscimento. La loro testimonianza ha permesso di mantenere viva la storia di Calisi e di trasmetterla alle nuove generazioni con rispetto e verit\u00e0\u00bb.<\/p>\n","protected":false},"excerpt":{"rendered":"<p>SAN FELICE CIRCEO &#8211; Un cittadino di San Felice Circeo, Dante Calisi, caduto durante la Resistenza, ha ricevuto in occasione del 25 aprile la Medaglia d\u2019Argento al Valor Militare \u201calla memoria\u201d attribuita dallo Stato italiano. Il riconoscimento \u00e8 stato consegnato dalla prefetta di Latina Vittoria Ciaramella, alla sindaca Monia Di Cosimo nel corso della cerimonia [&hellip;]<\/p>\n","protected":false},"author":62,"featured_media":427562,"comment_status":"closed","ping_status":"open","sticky":false,"template":"","format":"standard","meta":{"footnotes":""},"categories":[7],"tags":[],"class_list":["post-427561","post","type-post","status-publish","format-standard","has-post-thumbnail","hentry","category-cronaca"],"_links":{"self":[{"href":"https:\/\/www.radioluna.it\/news\/wp-json\/wp\/v2\/posts\/427561","targetHints":{"allow":["GET"]}}],"collection":[{"href":"https:\/\/www.radioluna.it\/news\/wp-json\/wp\/v2\/posts"}],"about":[{"href":"https:\/\/www.radioluna.it\/news\/wp-json\/wp\/v2\/types\/post"}],"author":[{"embeddable":true,"href":"https:\/\/www.radioluna.it\/news\/wp-json\/wp\/v2\/users\/62"}],"replies":[{"embeddable":true,"href":"https:\/\/www.radioluna.it\/news\/wp-json\/wp\/v2\/comments?post=427561"}],"version-history":[{"count":2,"href":"https:\/\/www.radioluna.it\/news\/wp-json\/wp\/v2\/posts\/427561\/revisions"}],"predecessor-version":[{"id":427564,"href":"https:\/\/www.radioluna.it\/news\/wp-json\/wp\/v2\/posts\/427561\/revisions\/427564"}],"wp:featuredmedia":[{"embeddable":true,"href":"https:\/\/www.radioluna.it\/news\/wp-json\/wp\/v2\/media\/427562"}],"wp:attachment":[{"href":"https:\/\/www.radioluna.it\/news\/wp-json\/wp\/v2\/media?parent=427561"}],"wp:term":[{"taxonomy":"category","embeddable":true,"href":"https:\/\/www.radioluna.it\/news\/wp-json\/wp\/v2\/categories?post=427561"},{"taxonomy":"post_tag","embeddable":true,"href":"https:\/\/www.radioluna.it\/news\/wp-json\/wp\/v2\/tags?post=427561"}],"curies":[{"name":"wp","href":"https:\/\/api.w.org\/{rel}","templated":true}]}}