{"id":427575,"date":"2026-04-27T12:42:38","date_gmt":"2026-04-27T10:42:38","guid":{"rendered":"https:\/\/www.radioluna.it\/news\/?p=427575"},"modified":"2026-04-27T12:42:38","modified_gmt":"2026-04-27T10:42:38","slug":"un-posto-in-prima-fila-alla-giuseppe-giuliano-di-latina-un-convegno-di-portata-nazionale-sul-bullismo","status":"publish","type":"post","link":"https:\/\/www.radioluna.it\/news\/2026\/04\/un-posto-in-prima-fila-alla-giuseppe-giuliano-di-latina-un-convegno-di-portata-nazionale-sul-bullismo\/","title":{"rendered":"\u201cUn posto in prima fila\u201d: alla \u201cGiuseppe Giuliano\u201d di Latina un convegno di portata nazionale sul bullismo"},"content":{"rendered":"<div id=\"fb-root\"><\/div>\n<p style=\"text-align: justify;\">LATINA &#8211;\u00a0L\u2019associazione \u201cOltre il Silenzio\u201d ha organizzato per gioved\u00ec 30 aprile a Latina un nuovo evento all\u2019insegna delle finalit\u00e0 sociali e a sostegno dei soggetti fragili vittime di violenza. Il tema di questa nuova iniziativa \u00e8 il bullismo, sulla scia di quanto emerso durante le precedenti manifestazioni svoltesi al Comune di Sabaudia e nella sede del Consiglio Regionale.<\/p>\n<p style=\"text-align: justify;\">L\u2019appuntamento del 30 aprile si intitola \u201cUn posto in prima fila\u201d perch\u00e9 \u00e8 quella la ribalta che si intende riservare alle giovani vittime dei pericoli provocati dall\u2019uso errato dei social e dalle insidie della comunicazione digitale.<\/p>\n<p style=\"text-align: justify;\">A partire dalle 11,30 nell\u2019aula magna dell\u2019Istituto Comprensivo \u201cGiuseppe Giuliano\u201d di Latina, in via Cisterna 25, accoglier\u00e0 il pubblico la dirigente, Prof.ssa Cherubina Ramacci, e la referente del progetto, Prof.ssa Mariateresa Bernardini, gli alunni delle classi terze saranno coinvolti in un momento di approfondimento su un argomento tristemente attuale.<\/p>\n<p style=\"text-align: justify;\">All\u2019incontro prender\u00e0 parte il consigliere regionale pontino Angelo Tripodi, presidente della Commissione Politiche Giovanili e Pari Opportunit\u00e0 della Regione Lazio e da sempre impegnato in attivit\u00e0 per il sociale e per la tutela dei soggetti pi\u00f9 fragili. Presente anche la Garante regionale dell\u2019Infanzia e dell\u2019Adolescenza Monica Sansoni, la presidente di \u201cOltre il Silenzio\u201d, Carmen Casu, e Luca Massaccesi, presidente dell\u2019Osservatorio Nazionale Bullismo e Disagio Giovanile.<\/p>\n","protected":false},"excerpt":{"rendered":"<p>LATINA &#8211;\u00a0L\u2019associazione \u201cOltre il Silenzio\u201d ha organizzato per gioved\u00ec 30 aprile a Latina un nuovo evento all\u2019insegna delle finalit\u00e0 sociali e a sostegno dei soggetti fragili vittime di violenza. Il tema di questa nuova iniziativa \u00e8 il bullismo, sulla scia di quanto emerso durante le precedenti manifestazioni svoltesi al Comune di Sabaudia e nella sede [&hellip;]<\/p>\n","protected":false},"author":62,"featured_media":427576,"comment_status":"closed","ping_status":"open","sticky":false,"template":"","format":"standard","meta":{"footnotes":""},"categories":[248],"tags":[],"class_list":["post-427575","post","type-post","status-publish","format-standard","has-post-thumbnail","hentry","category-istruzione"],"_links":{"self":[{"href":"https:\/\/www.radioluna.it\/news\/wp-json\/wp\/v2\/posts\/427575","targetHints":{"allow":["GET"]}}],"collection":[{"href":"https:\/\/www.radioluna.it\/news\/wp-json\/wp\/v2\/posts"}],"about":[{"href":"https:\/\/www.radioluna.it\/news\/wp-json\/wp\/v2\/types\/post"}],"author":[{"embeddable":true,"href":"https:\/\/www.radioluna.it\/news\/wp-json\/wp\/v2\/users\/62"}],"replies":[{"embeddable":true,"href":"https:\/\/www.radioluna.it\/news\/wp-json\/wp\/v2\/comments?post=427575"}],"version-history":[{"count":1,"href":"https:\/\/www.radioluna.it\/news\/wp-json\/wp\/v2\/posts\/427575\/revisions"}],"predecessor-version":[{"id":427578,"href":"https:\/\/www.radioluna.it\/news\/wp-json\/wp\/v2\/posts\/427575\/revisions\/427578"}],"wp:featuredmedia":[{"embeddable":true,"href":"https:\/\/www.radioluna.it\/news\/wp-json\/wp\/v2\/media\/427576"}],"wp:attachment":[{"href":"https:\/\/www.radioluna.it\/news\/wp-json\/wp\/v2\/media?parent=427575"}],"wp:term":[{"taxonomy":"category","embeddable":true,"href":"https:\/\/www.radioluna.it\/news\/wp-json\/wp\/v2\/categories?post=427575"},{"taxonomy":"post_tag","embeddable":true,"href":"https:\/\/www.radioluna.it\/news\/wp-json\/wp\/v2\/tags?post=427575"}],"curies":[{"name":"wp","href":"https:\/\/api.w.org\/{rel}","templated":true}]}}