{"id":427617,"date":"2026-04-28T09:28:22","date_gmt":"2026-04-28T07:28:22","guid":{"rendered":"https:\/\/www.radioluna.it\/news\/?p=427617"},"modified":"2026-04-28T09:28:22","modified_gmt":"2026-04-28T07:28:22","slug":"completamento-piazzale-dei-mercanti-sopralluogo-sul-cantiere-piu-verde-e-meno-calore-urbano","status":"publish","type":"post","link":"https:\/\/www.radioluna.it\/news\/2026\/04\/completamento-piazzale-dei-mercanti-sopralluogo-sul-cantiere-piu-verde-e-meno-calore-urbano\/","title":{"rendered":"Completamento Piazzale dei Mercanti, sopralluogo sul cantiere: pi\u00f9 verde e meno calore urbano"},"content":{"rendered":"<div id=\"fb-root\"><\/div>\n<p style=\"text-align: justify;\" data-start=\"150\" data-end=\"461\">Nei giorni scorsi \u00e8 stato effettuato un sopralluogo nell\u2019area di <span class=\"hover:entity-accent entity-underline inline cursor-pointer align-baseline\"><span class=\"whitespace-normal\">Piazzale dei Mercanti<\/span><\/span> per il secondo stralcio dell\u2019intervento di riqualificazione dedicato al completamento della piazza. Presenti tecnici, progettisti e associazioni del territorio, coinvolti nel percorso di monitoraggio civico legato al Programma FESR Lazio 2021-2027.\u00a0Il progetto punta a contrastare il fenomeno delle isole di calore urbane attraverso una trasformazione profonda della superficie: l\u2019asfalto \u00e8 stato rimosso e sar\u00e0 sostituito con una pavimentazione capace di assorbire meno calore e favorire il drenaggio delle acque piovane.<\/p>\n<p style=\"text-align: justify;\" data-start=\"738\" data-end=\"1028\">L\u2019intervento si inserisce in continuit\u00e0 con il primo stralcio gi\u00e0 realizzato, mantenendo materiali, colori e scelte paesaggistiche coerenti. Il nuovo sistema consentir\u00e0 di raccogliere l\u2019acqua piovana e convogliarla nella cisterna esistente, per poi riutilizzarla nell\u2019irrigazione del verde.\u00a0Previsto anche un incremento delle alberature, con l\u2019obiettivo di migliorare la qualit\u00e0 ambientale dell\u2019area. Le rilevazioni termiche effettuate indicano una riduzione significativa della temperatura della nuova pavimentazione, con oltre dieci gradi in meno rispetto al precedente manto asfaltato.<\/p>\n<p style=\"text-align: justify;\" data-start=\"1329\" data-end=\"1635\">Attenzione anche all\u2019accessibilit\u00e0: saranno realizzati nuovi scivoli per persone con disabilit\u00e0 e percorsi dedicati agli ipovedenti. Inserita inoltre la predisposizione per future stazioni di ricarica per biciclette elettriche, insieme a un aumento dei posti auto compatibilmente con gli spazi disponibili.<\/p>\n","protected":false},"excerpt":{"rendered":"<p>Nei giorni scorsi \u00e8 stato effettuato un sopralluogo nell\u2019area di Piazzale dei Mercanti per il secondo stralcio dell\u2019intervento di riqualificazione dedicato al completamento della piazza. Presenti tecnici, progettisti e associazioni del territorio, coinvolti nel percorso di monitoraggio civico legato al Programma FESR Lazio 2021-2027.\u00a0Il progetto punta a contrastare il fenomeno delle isole di calore urbane [&hellip;]<\/p>\n","protected":false},"author":5443,"featured_media":427618,"comment_status":"closed","ping_status":"open","sticky":false,"template":"","format":"standard","meta":{"footnotes":""},"categories":[7],"tags":[],"class_list":["post-427617","post","type-post","status-publish","format-standard","has-post-thumbnail","hentry","category-cronaca"],"_links":{"self":[{"href":"https:\/\/www.radioluna.it\/news\/wp-json\/wp\/v2\/posts\/427617","targetHints":{"allow":["GET"]}}],"collection":[{"href":"https:\/\/www.radioluna.it\/news\/wp-json\/wp\/v2\/posts"}],"about":[{"href":"https:\/\/www.radioluna.it\/news\/wp-json\/wp\/v2\/types\/post"}],"author":[{"embeddable":true,"href":"https:\/\/www.radioluna.it\/news\/wp-json\/wp\/v2\/users\/5443"}],"replies":[{"embeddable":true,"href":"https:\/\/www.radioluna.it\/news\/wp-json\/wp\/v2\/comments?post=427617"}],"version-history":[{"count":1,"href":"https:\/\/www.radioluna.it\/news\/wp-json\/wp\/v2\/posts\/427617\/revisions"}],"predecessor-version":[{"id":427619,"href":"https:\/\/www.radioluna.it\/news\/wp-json\/wp\/v2\/posts\/427617\/revisions\/427619"}],"wp:featuredmedia":[{"embeddable":true,"href":"https:\/\/www.radioluna.it\/news\/wp-json\/wp\/v2\/media\/427618"}],"wp:attachment":[{"href":"https:\/\/www.radioluna.it\/news\/wp-json\/wp\/v2\/media?parent=427617"}],"wp:term":[{"taxonomy":"category","embeddable":true,"href":"https:\/\/www.radioluna.it\/news\/wp-json\/wp\/v2\/categories?post=427617"},{"taxonomy":"post_tag","embeddable":true,"href":"https:\/\/www.radioluna.it\/news\/wp-json\/wp\/v2\/tags?post=427617"}],"curies":[{"name":"wp","href":"https:\/\/api.w.org\/{rel}","templated":true}]}}