{"id":427640,"date":"2026-04-28T16:26:30","date_gmt":"2026-04-28T14:26:30","guid":{"rendered":"https:\/\/www.radioluna.it\/news\/?p=427640"},"modified":"2026-04-28T16:26:30","modified_gmt":"2026-04-28T14:26:30","slug":"latina-mossa-di-judo-allo-studente-la-garante-sansoni-episodio-estremamente-grave-seguo-la-vicenda","status":"publish","type":"post","link":"https:\/\/www.radioluna.it\/news\/2026\/04\/latina-mossa-di-judo-allo-studente-la-garante-sansoni-episodio-estremamente-grave-seguo-la-vicenda\/","title":{"rendered":"Latina, mossa di judo allo studente, la Garante Sansoni: &#8220;Episodio estremamente grave, seguo la vicenda&#8221;"},"content":{"rendered":"<div id=\"fb-root\"><\/div>\n<p>LATINA &#8211; La Garante dell\u2019Infanzia e dell\u2019Adolescenza della Regione Lazio, Monica Sansoni, esprime profonda preoccupazione per la grave vicenda avvenuta presso il Liceo Scientifico Liceo Scientifico G.B. Grassi di Latina, che vede coinvolto uno studente minorenne e un docente dell\u2019istituto dopo la notizia che il ragazzo sarebbe stato messo a terra con una mossa di judo dal professore.<\/p>\n<p>\u201cSi tratta di un episodio estremamente grave \u2013 dichiara Monica Sansoni \u2013 che, qualora confermato nelle sue dinamiche, rappresenterebbe una ferita profonda ai principi educativi, al rispetto della persona e alla tutela dei diritti dei minori all\u2019interno degli ambienti scolastici, luoghi che devono essere sempre sinonimo di crescita, sicurezza e protezione\u201d. La Garante sottolinea come ogni forma di violenza, fisica o psicologica, nei confronti di un adolescente sia inaccettabile, soprattutto se proveniente da figure adulte con responsabilit\u00e0 educative. \u201cLa scuola deve essere presidio di legalit\u00e0, dialogo e formazione. \u00c8 impensabile che possano verificarsi comportamenti lesivi della dignit\u00e0 e dell\u2019incolumit\u00e0 di uno studente\u201d, aggiunge spiegando di seguire con attenzione l\u2019evolversi della situazione, con l\u2019obiettivo prioritario di garantire ogni forma di tutela al minore coinvolto e di vigilare affinch\u00e9 siano rispettati pienamente i suoi diritti.<\/p>\n<p>\u201cStiamo monitorando la vicenda con la massima attenzione \u2013 prosegue Sansoni \u2013 e siamo pronti a introdurre ogni azione necessaria nell\u2019interesse del ragazzo e della sua serenit\u00e0 psicofisica. \u00c8 fondamentale che venga fatta piena luce sull\u2019accaduto e che eventuali responsabilit\u00e0 siano accertate nelle sedi competenti\u201d.<\/p>\n<p>La Garante rinnova infine il proprio impegno nel promuovere una cultura del rispetto e della protezione dell\u2019infanzia e dell\u2019adolescenza, ribadendo che nessun episodio di presunta sopraffazione o abuso pu\u00f2 essere sottovalutato, specie quando coinvolge giovani in et\u00e0 scolare.<\/p>\n<p>&nbsp;<\/p>\n","protected":false},"excerpt":{"rendered":"<p>LATINA &#8211; La Garante dell\u2019Infanzia e dell\u2019Adolescenza della Regione Lazio, Monica Sansoni, esprime profonda preoccupazione per la grave vicenda avvenuta presso il Liceo Scientifico Liceo Scientifico G.B. Grassi di Latina, che vede coinvolto uno studente minorenne e un docente dell\u2019istituto dopo la notizia che il ragazzo sarebbe stato messo a terra con una mossa di [&hellip;]<\/p>\n","protected":false},"author":62,"featured_media":427641,"comment_status":"closed","ping_status":"open","sticky":false,"template":"","format":"standard","meta":{"footnotes":""},"categories":[7,2256,2428],"tags":[5738],"class_list":["post-427640","post","type-post","status-publish","format-standard","has-post-thumbnail","hentry","category-cronaca","category-prima-pagina","category-primo-piano","tag-in-primo-piano"],"_links":{"self":[{"href":"https:\/\/www.radioluna.it\/news\/wp-json\/wp\/v2\/posts\/427640","targetHints":{"allow":["GET"]}}],"collection":[{"href":"https:\/\/www.radioluna.it\/news\/wp-json\/wp\/v2\/posts"}],"about":[{"href":"https:\/\/www.radioluna.it\/news\/wp-json\/wp\/v2\/types\/post"}],"author":[{"embeddable":true,"href":"https:\/\/www.radioluna.it\/news\/wp-json\/wp\/v2\/users\/62"}],"replies":[{"embeddable":true,"href":"https:\/\/www.radioluna.it\/news\/wp-json\/wp\/v2\/comments?post=427640"}],"version-history":[{"count":1,"href":"https:\/\/www.radioluna.it\/news\/wp-json\/wp\/v2\/posts\/427640\/revisions"}],"predecessor-version":[{"id":427643,"href":"https:\/\/www.radioluna.it\/news\/wp-json\/wp\/v2\/posts\/427640\/revisions\/427643"}],"wp:featuredmedia":[{"embeddable":true,"href":"https:\/\/www.radioluna.it\/news\/wp-json\/wp\/v2\/media\/427641"}],"wp:attachment":[{"href":"https:\/\/www.radioluna.it\/news\/wp-json\/wp\/v2\/media?parent=427640"}],"wp:term":[{"taxonomy":"category","embeddable":true,"href":"https:\/\/www.radioluna.it\/news\/wp-json\/wp\/v2\/categories?post=427640"},{"taxonomy":"post_tag","embeddable":true,"href":"https:\/\/www.radioluna.it\/news\/wp-json\/wp\/v2\/tags?post=427640"}],"curies":[{"name":"wp","href":"https:\/\/api.w.org\/{rel}","templated":true}]}}