{"id":427651,"date":"2026-04-28T17:31:26","date_gmt":"2026-04-28T15:31:26","guid":{"rendered":"https:\/\/www.radioluna.it\/news\/?p=427651"},"modified":"2026-04-28T17:31:26","modified_gmt":"2026-04-28T15:31:26","slug":"stanza-codice-rosa-del-goretti-usata-impropriamente-la-asl-chiarisce-occupazione-temporanea-per-necessita","status":"publish","type":"post","link":"https:\/\/www.radioluna.it\/news\/2026\/04\/stanza-codice-rosa-del-goretti-usata-impropriamente-la-asl-chiarisce-occupazione-temporanea-per-necessita\/","title":{"rendered":"Stanza Codice Rosa del Goretti usata impropriamente, la Asl chiarisce: &#8220;Occupazione temporanea per necessit\u00e0&#8221;"},"content":{"rendered":"<div id=\"fb-root\"><\/div>\n<p style=\"text-align: justify;\"><strong>LATINA<\/strong> &#8211; Dopo l\u2019interrogazione presentata dalla consigliera regionale Pd del Lazio, Eleonora Mattia sull\u2019uso improprio della Stanza Codice Rosa al Goretti di Latina la Direttrice del Pronto Soccorso Rita Dal Piaz spiega che \u00a0L\u2019occupazione temporanea della \u00a0stanza si \u00e8 resa necessaria per far fronte a una situazione straordinaria e non programmabile, legata alla gestione di un paziente con disabilit\u00e0 intellettiva che aveva manifestato sintomi di aggressivit\u00e0. ma che gi\u00e0 da venerd\u00ec \u00a024 aprile, la stanza \u00e8 stata regolarmente sanificata secondo i protocolli ed \u00e8 tornata alla piena disponibilit\u00e0 per le finalit\u00e0 originarie\u201d.<\/p>\n<p style=\"text-align: justify;\">Mattia, che \u00e8 anche ambasciatrice di Telefono Rosa aveva interrogato il presidente Rocca nella sua veste di assessore alla Sanit\u00e0: &#8220;\u201cDa oltre un mese presso la stanza riservata al cosiddetto Percorso \u2018Codice Rosa\u2019, riservato alle donne vittime di violenza di genere, \u00e8 destinata ad altri tipi di assistenza cos\u00ec come accaduto nei mesi scorsi. Proprio perch\u00e9 \u00e8 fondamentale garantire a tutte e a tutti il diritto all\u2019accesso alle cure e alla tutela \u00e8 fondamentale risolvere l\u2019uso improprio di spazi dedicati a percorsi specifici: non pu\u00f2 esserci una fragilit\u00e0 pi\u00f9 urgente di un\u2019altra solo perch\u00e9 la Regione Lazio non \u00e8 in grado di garantire strutture sufficienti e adeguate. Tutte le fragilit\u00e0 sono importanti e meritano di essere prese in carico dalle Istituzioni. Non c\u2019\u00e8 vera giustizia sociale se un diritto viene garantito ad alcuni a scapito di altri\u201d, conclude Mattia.<\/p>\n<p style=\"text-align: justify;\">La ASL di Latina nella nota con cui Dal Piaz puntualizza, ribadisce anche il &#8220;proprio impegno costante nel garantire la tutela delle persone pi\u00f9 fragili e nell\u2019assicurare percorsi dedicati, come quello del \u201cCodice Rosa\u201d, nel rispetto dei pi\u00f9 elevati standard di sicurezza e appropriatezza assistenziale&#8221;.<\/p>\n<p style=\"text-align: justify;\">\n","protected":false},"excerpt":{"rendered":"<p>LATINA &#8211; Dopo l\u2019interrogazione presentata dalla consigliera regionale Pd del Lazio, Eleonora Mattia sull\u2019uso improprio della Stanza Codice Rosa al Goretti di Latina la Direttrice del Pronto Soccorso Rita Dal Piaz spiega che \u00a0L\u2019occupazione temporanea della \u00a0stanza si \u00e8 resa necessaria per far fronte a una situazione straordinaria e non programmabile, legata alla gestione di [&hellip;]<\/p>\n","protected":false},"author":62,"featured_media":354061,"comment_status":"closed","ping_status":"open","sticky":false,"template":"","format":"standard","meta":{"footnotes":""},"categories":[2616],"tags":[],"class_list":["post-427651","post","type-post","status-publish","format-standard","has-post-thumbnail","hentry","category-sanita"],"_links":{"self":[{"href":"https:\/\/www.radioluna.it\/news\/wp-json\/wp\/v2\/posts\/427651","targetHints":{"allow":["GET"]}}],"collection":[{"href":"https:\/\/www.radioluna.it\/news\/wp-json\/wp\/v2\/posts"}],"about":[{"href":"https:\/\/www.radioluna.it\/news\/wp-json\/wp\/v2\/types\/post"}],"author":[{"embeddable":true,"href":"https:\/\/www.radioluna.it\/news\/wp-json\/wp\/v2\/users\/62"}],"replies":[{"embeddable":true,"href":"https:\/\/www.radioluna.it\/news\/wp-json\/wp\/v2\/comments?post=427651"}],"version-history":[{"count":1,"href":"https:\/\/www.radioluna.it\/news\/wp-json\/wp\/v2\/posts\/427651\/revisions"}],"predecessor-version":[{"id":427652,"href":"https:\/\/www.radioluna.it\/news\/wp-json\/wp\/v2\/posts\/427651\/revisions\/427652"}],"wp:featuredmedia":[{"embeddable":true,"href":"https:\/\/www.radioluna.it\/news\/wp-json\/wp\/v2\/media\/354061"}],"wp:attachment":[{"href":"https:\/\/www.radioluna.it\/news\/wp-json\/wp\/v2\/media?parent=427651"}],"wp:term":[{"taxonomy":"category","embeddable":true,"href":"https:\/\/www.radioluna.it\/news\/wp-json\/wp\/v2\/categories?post=427651"},{"taxonomy":"post_tag","embeddable":true,"href":"https:\/\/www.radioluna.it\/news\/wp-json\/wp\/v2\/tags?post=427651"}],"curies":[{"name":"wp","href":"https:\/\/api.w.org\/{rel}","templated":true}]}}