{"id":427739,"date":"2026-04-29T12:38:51","date_gmt":"2026-04-29T10:38:51","guid":{"rendered":"https:\/\/www.radioluna.it\/news\/?p=427739"},"modified":"2026-04-29T12:39:37","modified_gmt":"2026-04-29T10:39:37","slug":"gianfranco-pannone-torna-in-basilicata-e-racconta-le-devozioni-ma-con-uno-sguardo-laico-ad-altezza-duomo","status":"publish","type":"post","link":"https:\/\/www.radioluna.it\/news\/2026\/04\/gianfranco-pannone-torna-in-basilicata-e-racconta-le-devozioni-ma-con-uno-sguardo-laico-ad-altezza-duomo\/","title":{"rendered":"Gianfranco Pannone torna in Basilicata e racconta le &#8220;Devozioni&#8221;: &#8220;Ma con uno sguardo laico, ad altezza d&#8217;uomo&#8221;"},"content":{"rendered":"<div id=\"fb-root\"><\/div>\n<p style=\"text-align: justify;\"><strong>LATINA<\/strong> &#8211; Uno sguardo laico per raccontare le &#8220;<strong>Devozioni<\/strong>&#8220;: \u00e8 questo il titolo del nuovo documentario di <strong>Gianfranco Pannone<\/strong> che sar\u00e0 presentato a Latina domani sera, 30 aprile, per <strong>Lievito<\/strong>. E&#8217; ambientato in Basilicata, una terra che il regista di Latina aveva gi\u00e0 raccontato attraverso la sua macchina da presa in Pietre, miracoli e petrolio.<\/p>\n<p style=\"text-align: justify;\"><strong>Ti sei innamorato della Basilicata?<\/strong><\/p>\n<p style=\"text-align: justify;\">Io mi innamoro sempre un po&#8217; dell&#8217;Italia in generale, sono ormai pi\u00f9 di 35 anni che batto l&#8217;Italia da nord a sud e mi meraviglio sempre. Devo dire che per\u00f2 la Basilicata ce l&#8217;ho del cuore, perch\u00e9\u00a0 questa \u00e8 la terza volta che torno a girarci, la prima volta fu con Pietre, miracoli e petrolio, un documentario sul petrolio in Basilicata e adesso c&#8217;\u00e8 <a href=\"https:\/\/vimeo.com\/1170689976\/5459a357bb?share=copy&amp;fl=sv&amp;fe=ci\">Devozioni<\/a>. In mezzo c&#8217;\u00e8 anche un cortometraggio per la candidatura di Matera a Capitale della Cultura, quindi la conosco abbastanza bene e l&#8217;amo tanto, perch\u00e9 \u00e8 una terra in qualche modo un po&#8217; nascosta, ma che ci dice tanto,\u00a0 una terra battuta da genti di ogni dove da pi\u00f9 di 2000 anni, e che ha nel suo rapporto con la natura e con la fede qualcosa da insegnarci. Andare nella devozione popolare, tra le montagne, nella provincia di Potenza, nella Lucania interna, significa andare a trovare degli scrigni di cultura quindi validi anche per il laico e non solo per il credente, una cosa di cui forse abbiamo bisogno un po&#8217; tutti&#8221;.<\/p>\n<p>L&#8217;audio dell&#8217;intervista<\/p>\n<audio class=\"wp-audio-shortcode\" id=\"audio-427739-1\" preload=\"none\" style=\"width: 100%;\" controls=\"controls\"><source type=\"audio\/mpeg\" src=\"https:\/\/www.radioluna.it\/news\/wp-content\/uploads\/2026\/04\/Pannone-Devozioni-online-audio-converter.com_.mp3?_=1\" \/><a href=\"https:\/\/www.radioluna.it\/news\/wp-content\/uploads\/2026\/04\/Pannone-Devozioni-online-audio-converter.com_.mp3\">https:\/\/www.radioluna.it\/news\/wp-content\/uploads\/2026\/04\/Pannone-Devozioni-online-audio-converter.com_.mp3<\/a><\/audio>\n<p style=\"text-align: justify;\"><strong>E sei arrivato in un convento francescano, giusto?<\/strong><\/p>\n<p style=\"text-align: justify;\">Tra gli altri s\u00ec, uno dei luoghi, \u00e8 un convento francescano che rischia di chiudere. Diciamo che sono andato a cercare dei luoghi della fede interessati trovando anche delle cose che sono legate alla nostra contemporaneit\u00e0. E&#8217; un viaggio tra memorie pasolignane, conventi che rischiano di chiudere, santi piccoli e beati, che sono i santi minori, ma allo stesso tempo anche poetesse visionarie. Un viaggio un po&#8217; particolare che ho fatto seguendo non solo le processioni e i luoghi di culto, ma seguendo le vicende di persone che vivono la Lucania da dentro e che hanno qualcosa da dirci.<\/p>\n<p style=\"text-align: justify;\"><strong>Storia, tradizioni, tu hai sempre uno sguardo molto attento alle melodie popolari.<\/strong><\/p>\n<p style=\"text-align: justify;\">S\u00ec, c&#8217;\u00e8 una cosa molto importante il canto popolare e qui <a href=\"https:\/\/vimeo.com\/1170641844\/47194ae400?share=copy&amp;fl=sv&amp;fe=ci\">Caterina Pontrandolfo<\/a> oltre a farci la consulenza musicale \u00e8 presente anche nel film e sui canti che sono per lo pi\u00f9 canti di devozione alla Madonna, canti in dialetto lucano straordinari, bellissimi, spesso anche quasi inediti al grande pubblico, comunque poco conosciuti, che compongono insieme alle musiche di Rocco De Rosa, anche lui autore e musicista lucano, la colonna sonora. Una colonna sonora anche diegetica come si dice in gergo, nel senso che la vediamo anche dal vivo, la vediamo cantata da Caterina stessa\u00a0 e dai devoti lungo i loro percorsi religiosi.<\/p>\n<p style=\"text-align: justify;\"><strong>Tra le Devozioni, ce n&#8217;\u00e8 una che ti ha colpito in maniera particolare?<\/strong><\/p>\n<p style=\"text-align: justify;\">C&#8217;\u00e8 questa cosa incredibile della storia del Beato Egidio, quindi non \u00e8 un santo, \u00e8 una figura molto amata nel comune di Lorenzana e questa figura \u00e8 un francescano a met\u00e0 strada da San Francesco e per\u00f2 San Giuseppe da Copertino, anzi assomigliava pi\u00f9 a San Giuseppe da Copertino, quindi era un frate anche ignorante, estremamente semplice, molto legato agli animali e alla natura e rappresenta un po&#8217; questa genuinit\u00e0 anche che passa attraverso il legame con la terra e il legame con la natura stessa e questo santo \u00e8 amatissimo dalla gente, ma \u00e8 un santo locale, \u00e8 amato in due o tre comuni, non \u00e8 un santo allargato, appunto \u00e8 un Beato, diverr\u00e0 forse un giorno santo, per\u00f2.<\/p>\n<p style=\"text-align: justify;\"><strong>L&#8217;appuntamento con il regista Gianfranco Pannone che torna a Lievito, \u00e8 per gioved\u00ec 30 alle 21 al cinema Corso.<\/strong><\/p>\n<p style=\"text-align: justify;\">&#8220;Presenter\u00f2 al Cinema Corso il film insieme a Renato Chiocca\u00a0 che \u00e8 un po&#8217; il patron di Lievito, e ne sono molto felice perch\u00e9 Lievito \u00e8 sicuramente un bel respiro in una citt\u00e0 che purtroppo culturalmente \u00e8 un po&#8217; paludosa come la nostra Latina, e due perch\u00e9, tra altre cose, vado a Latina dopo essere passato per il Bari Film Festival dove c&#8217;\u00e8 stata la prima assoluta, prima che il film vada in tour, a cominciare dal Novo Saker di Nanni Moretti a Roma il 12 maggio, in mezzo c&#8217;\u00e8 questo appuntamento che \u00e8 anche un assaggio per vedere il pubblico come reagisce. C<span class=\"cursor-pointer group\" title=\"Riproduci a partire da 7:37\"><span class=\"group-hover:bg-base-200 rounded p-0.5 -m-0.5\" data-start=\"457240\" data-end=\"464460\">i tengo<\/span><\/span> <span class=\"cursor-pointer group\" title=\"Riproduci a partire da 7:44\"><span class=\"group-hover:bg-base-200 rounded p-0.5 -m-0.5\" data-start=\"464460\" data-end=\"469200\">a dire che \u00e8 un film rivolto a tutti, <\/span><\/span><span class=\"cursor-pointer group\" title=\"Riproduci a partire da 7:49\"><span class=\"group-hover:bg-base-200 rounded p-0.5 -m-0.5\" data-start=\"469240\" data-end=\"472880\">anzi forse pi\u00f9 al pubblico laico che al pubblico dei credenti, perch\u00e9 ho cercato<\/span><\/span> <span class=\"cursor-pointer group\" title=\"Riproduci a partire da 7:53\"><span class=\"group-hover:bg-base-200 rounded p-0.5 -m-0.5\" data-start=\"472880\" data-end=\"478220\">di preservare proprio questo approccio in qualche modo antropologico, ad altezza d&#8217;uomo, <\/span><\/span><span class=\"opacity-80 text-sm\" data-timestamp=\"\">\u00a0<\/span><span class=\"cursor-pointer group\" title=\"Riproduci a partire da 7:58\"><span class=\"group-hover:bg-base-200 rounded p-0.5 -m-0.5\" data-start=\"478220\" data-end=\"483360\">che non giudica e non si abbandona al pensiero degli altri, ma cerca in qualche modo di<\/span><\/span> <span class=\"cursor-pointer group\" title=\"Riproduci a partire da 8:03\"><span class=\"group-hover:bg-base-200 rounded p-0.5 -m-0.5\" data-start=\"483360\" data-end=\"490600\">capire se ci sono delle zone dove in qualche modo il senso del sacro in quest&#8217;epoca un<\/span><\/span> <span class=\"cursor-pointer group\" title=\"Riproduci a partire da 8:11\"><span class=\"group-hover:bg-base-200 rounded p-0.5 -m-0.5 bg-primary\/25 transition-all duration-200\" data-start=\"490600\" data-end=\"495430\" data-active=\"\">po&#8217; arida che viviamo e anche di guerre, abbia una ragione d&#8217; essere.<\/span><\/span><\/p>\n<p style=\"text-align: justify;\">Pannone sar\u00e0 presente in sala per dialogare con il pubblico.<\/p>\n<p style=\"text-align: justify;\">\n","protected":false},"excerpt":{"rendered":"<p>LATINA &#8211; Uno sguardo laico per raccontare le &#8220;Devozioni&#8220;: \u00e8 questo il titolo del nuovo documentario di Gianfranco Pannone che sar\u00e0 presentato a Latina domani sera, 30 aprile, per Lievito. E&#8217; ambientato in Basilicata, una terra che il regista di Latina aveva gi\u00e0 raccontato attraverso la sua macchina da presa in Pietre, miracoli e petrolio. [&hellip;]<\/p>\n","protected":false},"author":62,"featured_media":427742,"comment_status":"closed","ping_status":"open","sticky":false,"template":"","format":"standard","meta":{"footnotes":""},"categories":[16,2310,15],"tags":[],"class_list":["post-427739","post","type-post","status-publish","format-standard","has-post-thumbnail","hentry","category-appuntamenti","category-audio","category-cultura"],"_links":{"self":[{"href":"https:\/\/www.radioluna.it\/news\/wp-json\/wp\/v2\/posts\/427739","targetHints":{"allow":["GET"]}}],"collection":[{"href":"https:\/\/www.radioluna.it\/news\/wp-json\/wp\/v2\/posts"}],"about":[{"href":"https:\/\/www.radioluna.it\/news\/wp-json\/wp\/v2\/types\/post"}],"author":[{"embeddable":true,"href":"https:\/\/www.radioluna.it\/news\/wp-json\/wp\/v2\/users\/62"}],"replies":[{"embeddable":true,"href":"https:\/\/www.radioluna.it\/news\/wp-json\/wp\/v2\/comments?post=427739"}],"version-history":[{"count":3,"href":"https:\/\/www.radioluna.it\/news\/wp-json\/wp\/v2\/posts\/427739\/revisions"}],"predecessor-version":[{"id":427748,"href":"https:\/\/www.radioluna.it\/news\/wp-json\/wp\/v2\/posts\/427739\/revisions\/427748"}],"wp:featuredmedia":[{"embeddable":true,"href":"https:\/\/www.radioluna.it\/news\/wp-json\/wp\/v2\/media\/427742"}],"wp:attachment":[{"href":"https:\/\/www.radioluna.it\/news\/wp-json\/wp\/v2\/media?parent=427739"}],"wp:term":[{"taxonomy":"category","embeddable":true,"href":"https:\/\/www.radioluna.it\/news\/wp-json\/wp\/v2\/categories?post=427739"},{"taxonomy":"post_tag","embeddable":true,"href":"https:\/\/www.radioluna.it\/news\/wp-json\/wp\/v2\/tags?post=427739"}],"curies":[{"name":"wp","href":"https:\/\/api.w.org\/{rel}","templated":true}]}}