{"id":427827,"date":"2026-04-30T10:25:00","date_gmt":"2026-04-30T08:25:00","guid":{"rendered":"https:\/\/www.radioluna.it\/news\/?p=427827"},"modified":"2026-04-30T10:25:00","modified_gmt":"2026-04-30T08:25:00","slug":"fondi-controlli-in-piazza-arrestato-38enne-un-denunciato-per-droga","status":"publish","type":"post","link":"https:\/\/www.radioluna.it\/news\/2026\/04\/fondi-controlli-in-piazza-arrestato-38enne-un-denunciato-per-droga\/","title":{"rendered":"Fondi, controlli in piazza: arrestato 38enne, un denunciato per droga"},"content":{"rendered":"<div id=\"fb-root\"><\/div>\n<p style=\"text-align: justify;\" data-start=\"123\" data-end=\"338\">Controlli dei Carabinieri nel centro di <span class=\"hover:entity-accent entity-underline inline cursor-pointer align-baseline\"><span class=\"whitespace-normal\">Fondi<\/span><\/span>: arrestato un uomo di 38 anni per resistenza e oltraggio a pubblico ufficiale e denunciato un 21enne per detenzione ai fini di spaccio. L\u2019operazione \u00e8 scattata nel pomeriggio di marted\u00ec nei pressi di piazza Unit\u00e0 d\u2019Italia, dove i militari della Tenenza di Fondi, insieme ai colleghi della Stazione di <span class=\"hover:entity-accent entity-underline inline cursor-pointer align-baseline\"><span class=\"whitespace-normal\">Sperlonga<\/span><\/span>, stavano effettuando controlli sul territorio.\u00a0Durante le verifiche, i Carabinieri hanno notato un giovane che, alla loro vista, ha tentato di allontanarsi. Fermato poco dopo, \u00e8 stato identificato in un 21enne di origine algerina. In quel momento \u00e8 intervenuto il 38enne che, davanti ai presenti, ha iniziato a insultare i militari, per poi tentare la fuga spintonandoli. Bloccato, \u00e8 stato arrestato in flagranza.\u00a0La successiva perquisizione ha portato al rinvenimento, addosso al 21enne, di circa 3 grammi di hashish suddivisi in dosi: per lui \u00e8 scattata la denuncia.\u00a0Nel corso dei controlli altri due giovani, un 23enne e un 18enne, sono stati trovati in possesso di modiche quantit\u00e0 della stessa sostanza e segnalati alla Prefettura di <span class=\"hover:entity-accent entity-underline inline cursor-pointer align-baseline\"><span class=\"whitespace-normal\">Latina<\/span><\/span> come assuntori.\u00a0La droga \u00e8 stata sequestrata e sar\u00e0 analizzata. Il 38enne arrestato \u00e8 stato trattenuto nelle camere di sicurezza in attesa della convalida con rito direttissimo.<\/p>\n","protected":false},"excerpt":{"rendered":"<p>Controlli dei Carabinieri nel centro di Fondi: arrestato un uomo di 38 anni per resistenza e oltraggio a pubblico ufficiale e denunciato un 21enne per detenzione ai fini di spaccio. L\u2019operazione \u00e8 scattata nel pomeriggio di marted\u00ec nei pressi di piazza Unit\u00e0 d\u2019Italia, dove i militari della Tenenza di Fondi, insieme ai colleghi della Stazione [&hellip;]<\/p>\n","protected":false},"author":5443,"featured_media":382832,"comment_status":"closed","ping_status":"open","sticky":false,"template":"","format":"standard","meta":{"footnotes":""},"categories":[7,2256,2428],"tags":[5738],"class_list":["post-427827","post","type-post","status-publish","format-standard","has-post-thumbnail","hentry","category-cronaca","category-prima-pagina","category-primo-piano","tag-in-primo-piano"],"_links":{"self":[{"href":"https:\/\/www.radioluna.it\/news\/wp-json\/wp\/v2\/posts\/427827","targetHints":{"allow":["GET"]}}],"collection":[{"href":"https:\/\/www.radioluna.it\/news\/wp-json\/wp\/v2\/posts"}],"about":[{"href":"https:\/\/www.radioluna.it\/news\/wp-json\/wp\/v2\/types\/post"}],"author":[{"embeddable":true,"href":"https:\/\/www.radioluna.it\/news\/wp-json\/wp\/v2\/users\/5443"}],"replies":[{"embeddable":true,"href":"https:\/\/www.radioluna.it\/news\/wp-json\/wp\/v2\/comments?post=427827"}],"version-history":[{"count":1,"href":"https:\/\/www.radioluna.it\/news\/wp-json\/wp\/v2\/posts\/427827\/revisions"}],"predecessor-version":[{"id":427828,"href":"https:\/\/www.radioluna.it\/news\/wp-json\/wp\/v2\/posts\/427827\/revisions\/427828"}],"wp:featuredmedia":[{"embeddable":true,"href":"https:\/\/www.radioluna.it\/news\/wp-json\/wp\/v2\/media\/382832"}],"wp:attachment":[{"href":"https:\/\/www.radioluna.it\/news\/wp-json\/wp\/v2\/media?parent=427827"}],"wp:term":[{"taxonomy":"category","embeddable":true,"href":"https:\/\/www.radioluna.it\/news\/wp-json\/wp\/v2\/categories?post=427827"},{"taxonomy":"post_tag","embeddable":true,"href":"https:\/\/www.radioluna.it\/news\/wp-json\/wp\/v2\/tags?post=427827"}],"curies":[{"name":"wp","href":"https:\/\/api.w.org\/{rel}","templated":true}]}}