{"id":427829,"date":"2026-04-30T11:26:52","date_gmt":"2026-04-30T09:26:52","guid":{"rendered":"https:\/\/www.radioluna.it\/news\/?p=427829"},"modified":"2026-04-30T11:26:52","modified_gmt":"2026-04-30T09:26:52","slug":"sabaudia-deve-scontare-6-anni-per-rapina-scatta-lordinanza","status":"publish","type":"post","link":"https:\/\/www.radioluna.it\/news\/2026\/04\/sabaudia-deve-scontare-6-anni-per-rapina-scatta-lordinanza\/","title":{"rendered":"Sabaudia: deve scontare 6 anni per\u00a0 rapina, scatta l&#8217;ordinanza"},"content":{"rendered":"<div id=\"fb-root\"><\/div>\n<p>Sabaudia: Arrestato un 37enne di Sabaudia, gi\u00e0 ai domiciliari, in esecuzione dell\u2019ordine per la carcerazione emesso dal Tribunale di Latina. L\u2019uomo deve scontare 6anni di reclusione, poich\u00e9 riconosciuto colpevole del reato rapina, commesso nel febbraio 2024. L\u2019uomo entr\u00f2 in un negozio di generi alimentari per acquistare delle bottiglie di birra, arrivato in cassa disse al titolare dell\u2019attivit\u00e0 che non era tenuto a pagare la merce e per di pi\u00f9 lo colp\u00ec e gli\u00a0 port\u00f2 via anche \u00a060 euro. Venne arrestarlo nella flagranza di reato. Ora si trova nella casa Circondariale di Latina, a disposizione dell\u2019Autorit\u00e0 Giudiziaria mandante.<\/p>\n","protected":false},"excerpt":{"rendered":"<p>Sabaudia: Arrestato un 37enne di Sabaudia, gi\u00e0 ai domiciliari, in esecuzione dell\u2019ordine per la carcerazione emesso dal Tribunale di Latina. L\u2019uomo deve scontare 6anni di reclusione, poich\u00e9 riconosciuto colpevole del reato rapina, commesso nel febbraio 2024. L\u2019uomo entr\u00f2 in un negozio di generi alimentari per acquistare delle bottiglie di birra, arrivato in cassa disse al [&hellip;]<\/p>\n","protected":false},"author":5444,"featured_media":427830,"comment_status":"closed","ping_status":"open","sticky":false,"template":"","format":"standard","meta":{"footnotes":""},"categories":[734,2256],"tags":[5738],"class_list":["post-427829","post","type-post","status-publish","format-standard","has-post-thumbnail","hentry","category-evidenza","category-prima-pagina","tag-in-primo-piano"],"_links":{"self":[{"href":"https:\/\/www.radioluna.it\/news\/wp-json\/wp\/v2\/posts\/427829","targetHints":{"allow":["GET"]}}],"collection":[{"href":"https:\/\/www.radioluna.it\/news\/wp-json\/wp\/v2\/posts"}],"about":[{"href":"https:\/\/www.radioluna.it\/news\/wp-json\/wp\/v2\/types\/post"}],"author":[{"embeddable":true,"href":"https:\/\/www.radioluna.it\/news\/wp-json\/wp\/v2\/users\/5444"}],"replies":[{"embeddable":true,"href":"https:\/\/www.radioluna.it\/news\/wp-json\/wp\/v2\/comments?post=427829"}],"version-history":[{"count":1,"href":"https:\/\/www.radioluna.it\/news\/wp-json\/wp\/v2\/posts\/427829\/revisions"}],"predecessor-version":[{"id":427831,"href":"https:\/\/www.radioluna.it\/news\/wp-json\/wp\/v2\/posts\/427829\/revisions\/427831"}],"wp:featuredmedia":[{"embeddable":true,"href":"https:\/\/www.radioluna.it\/news\/wp-json\/wp\/v2\/media\/427830"}],"wp:attachment":[{"href":"https:\/\/www.radioluna.it\/news\/wp-json\/wp\/v2\/media?parent=427829"}],"wp:term":[{"taxonomy":"category","embeddable":true,"href":"https:\/\/www.radioluna.it\/news\/wp-json\/wp\/v2\/categories?post=427829"},{"taxonomy":"post_tag","embeddable":true,"href":"https:\/\/www.radioluna.it\/news\/wp-json\/wp\/v2\/tags?post=427829"}],"curies":[{"name":"wp","href":"https:\/\/api.w.org\/{rel}","templated":true}]}}