{"id":427869,"date":"2026-04-30T17:05:35","date_gmt":"2026-04-30T15:05:35","guid":{"rendered":"https:\/\/www.radioluna.it\/news\/?p=427869"},"modified":"2026-04-30T18:27:44","modified_gmt":"2026-04-30T16:27:44","slug":"asili-nido-protesta-in-piazza-e-in-consiglio-poi-lassessora-censi-rassicura-accordo-siglato","status":"publish","type":"post","link":"https:\/\/www.radioluna.it\/news\/2026\/04\/asili-nido-protesta-in-piazza-e-in-consiglio-poi-lassessora-censi-rassicura-accordo-siglato\/","title":{"rendered":"Asili nido, protesta in piazza e in Consiglio, poi l&#8217;assessora Censi rassicura: accordo siglato"},"content":{"rendered":"<div id=\"fb-root\"><\/div>\n<p style=\"text-align: justify;\"><strong>LATINA<\/strong> &#8211; Accordo trovato tra Comune e personale degli asili nido comunali dopo la protesta di oltre 80 dipendenti della Cooperativa Gialla impegnati negli Asili nido e nelle Scuole dell\u2019Infanzia del Comune che hanno manifestato in Piazza del Popolo per manifestare la preoccupazione in vista della prossima scadenza dell&#8217;appalti per i servizi educativi. Il gruppo ha poi raggiunto l&#8217;aula consiliare dove era in corso il Consiglio Comunale ottenendo un incontro con l\u2019Assessora alla Pubblica Istruzione Federica Censi. Al termine il Comune ha diffuso una nota spiegando che \u00e8 stato condiviso un documento definitivo.<\/p>\n<p style=\"text-align: justify;\">\u201cCome gi\u00e0 avvenuto in altre occasioni \u2013 ha dichiarato Censi \u2013 ho fornito tutte le rassicurazioni necessarie alle lavoratrici. Nei giorni scorsi avevo gi\u00e0 affrontato la questione attraverso diversi canali: un comunicato stampa ripreso dai media locali e la commissione Istruzione con un punto specifico all\u2019ordine del giorno e un incontro con i rappresentanti sindacali. Ho comunque ritenuto opportuno incontrare nuovamente le lavoratrici che hanno richiesto la sottoscrizione di un protocollo, al fine di avere piena certezza sulla continuit\u00e0 del servizio e sull\u2019assenza di tagli. In particolare, l\u2019amministrazione si \u00e8 impegnata a garantire che nella documentazione della prossima gara, come previsto dalla normativa, sia inserito il principio per cui l\u2019aggiudicatario del contratto di appalto sia tenuto a garantire l\u2019applicazione della clausola sociale, che sia mantenuta la stabilit\u00e0 occupazionale del personale impiegato, nonch\u00e9 l&#8217;applicazione dei contratti collettivi nazionali e territoriali di settore. L\u2019aggiudicatario, inoltre, dovr\u00e0 assicurare il trattamento economico e giuridico previsto dal \u00a0contratto collettivo nazionale e territoriale in vigore per il settore e per la zona nella quale si eseguono le prestazioni di lavoro, stipulato dalle associazioni dei datori e dei prestatori di lavoro comparativamente pi\u00f9 rappresentative sul piano nazionale e quello il cui ambito di applicazione sia strettamente connesso con l&#8217;attivit\u00e0 oggetto dell&#8217;appalto. Lo stesso dovr\u00e0 fare con il mantenimento dei livelli in essere, degli scatti di anzianit\u00e0 maturati e maturandi, nonch\u00e9 con il riconoscimento di tutti gli istituti economici derivanti da accordi sindacali pregressi. L\u2019amministrazione si \u00e8 inoltre impegnata a garantire i tempi pi\u00f9 brevi possibili per l\u2019espletamento della gara d\u2019appalto e della relativa aggiudicazione, al fine di assicurare la piena operativit\u00e0 del servizio con l\u2019avvio dell\u2019anno scolastico e a istituire un tavolo tecnico di monitoraggio composto dalla parte pubblica e dalla organizzazione sindacale, finalizzato alla verifica del cronoprogramma della procedura di gara. Comprendo le preoccupazioni degli operatori del settore \u2013 ha concluso l\u2019assessore &#8211; e auspico che, grazie al protocollo sottoscritto, si possa restituire serenit\u00e0 e fiducia. L\u2019impegno dell\u2019amministrazione \u00e8 quello di garantire il miglior servizio possibile per bambini, famiglie e lavoratori\u201d.<\/p>\n<p style=\"text-align: justify;\">Il confronto tra l\u2019Amministrazione comunale e la FP CGIL Frosinone si \u00e8 svolto in un clima costruttivo -. conferma Simeone &#8211; con la condivisa esigenza di garantire la continuit\u00e0 e la qualit\u00e0 dei servizi rivolti alle bambine, ai bambini e alle famiglie, valorizzando al contempo il contributo professionale delle lavoratrici e dei lavoratori attualmente impiegati.\u00a0 Nel corso del confronto \u00e8 stata evidenziata la necessit\u00e0 che eventuali processi di internalizzazione non producano effetti negativi sulle condizioni di lavoro, con particolare riferimento al mantenimento del monte ore contrattuale per il personale della cooperativa aggiudicataria dei servizi. Allo stesso tempo, \u00e8 stata richiamata con forza l\u2019attenzione sulla posizione del personale a tempo determinato, che rappresenta una componente significativa del sistema dei servizi educativi. In tale prospettiva, \u00e8 stata sottolineata l\u2019esigenza che i percorsi di riorganizzazione non lascino indietro queste lavoratrici e questi lavoratori, prevedendo adeguate forme di tutela e continuit\u00e0 occupazionale.<br \/>\nL\u2019Amministrazione ha manifestato disponibilit\u00e0 ad approfondire soluzioni in grado di coniugare le esigenze organizzative con la salvaguardia dei livelli occupazionali, mentre la FP CGIL ha ribadito l\u2019importanza di garantire certezze complessive, evitando riduzioni delle ore e assicurando il pieno riconoscimento del lavoro svolto.\u00a0 Il confronto\u00a0 &#8211; conclude il sindacalista &#8211; proseguir\u00e0 nei prossimi giorni, attraverso la convocazione di un Tavolo tecnico, con l\u2019obiettivo di individuare soluzioni condivise, sostenibili e rispettose dei diritti di tutte le persone coinvolte&#8221;.<\/p>\n","protected":false},"excerpt":{"rendered":"<p>LATINA &#8211; Accordo trovato tra Comune e personale degli asili nido comunali dopo la protesta di oltre 80 dipendenti della Cooperativa Gialla impegnati negli Asili nido e nelle Scuole dell\u2019Infanzia del Comune che hanno manifestato in Piazza del Popolo per manifestare la preoccupazione in vista della prossima scadenza dell&#8217;appalti per i servizi educativi. Il gruppo [&hellip;]<\/p>\n","protected":false},"author":62,"featured_media":427875,"comment_status":"closed","ping_status":"open","sticky":false,"template":"","format":"standard","meta":{"footnotes":""},"categories":[7],"tags":[],"class_list":["post-427869","post","type-post","status-publish","format-standard","has-post-thumbnail","hentry","category-cronaca"],"_links":{"self":[{"href":"https:\/\/www.radioluna.it\/news\/wp-json\/wp\/v2\/posts\/427869","targetHints":{"allow":["GET"]}}],"collection":[{"href":"https:\/\/www.radioluna.it\/news\/wp-json\/wp\/v2\/posts"}],"about":[{"href":"https:\/\/www.radioluna.it\/news\/wp-json\/wp\/v2\/types\/post"}],"author":[{"embeddable":true,"href":"https:\/\/www.radioluna.it\/news\/wp-json\/wp\/v2\/users\/62"}],"replies":[{"embeddable":true,"href":"https:\/\/www.radioluna.it\/news\/wp-json\/wp\/v2\/comments?post=427869"}],"version-history":[{"count":3,"href":"https:\/\/www.radioluna.it\/news\/wp-json\/wp\/v2\/posts\/427869\/revisions"}],"predecessor-version":[{"id":427889,"href":"https:\/\/www.radioluna.it\/news\/wp-json\/wp\/v2\/posts\/427869\/revisions\/427889"}],"wp:featuredmedia":[{"embeddable":true,"href":"https:\/\/www.radioluna.it\/news\/wp-json\/wp\/v2\/media\/427875"}],"wp:attachment":[{"href":"https:\/\/www.radioluna.it\/news\/wp-json\/wp\/v2\/media?parent=427869"}],"wp:term":[{"taxonomy":"category","embeddable":true,"href":"https:\/\/www.radioluna.it\/news\/wp-json\/wp\/v2\/categories?post=427869"},{"taxonomy":"post_tag","embeddable":true,"href":"https:\/\/www.radioluna.it\/news\/wp-json\/wp\/v2\/tags?post=427869"}],"curies":[{"name":"wp","href":"https:\/\/api.w.org\/{rel}","templated":true}]}}