{"id":427922,"date":"2026-05-01T10:48:23","date_gmt":"2026-05-01T08:48:23","guid":{"rendered":"https:\/\/www.radioluna.it\/news\/?p=427922"},"modified":"2026-05-01T10:48:23","modified_gmt":"2026-05-01T08:48:23","slug":"primo-maggio-latina-2026-briga-protagonista-in-piazza-del-popolo-insieme-ai-talenti-emergenti","status":"publish","type":"post","link":"https:\/\/www.radioluna.it\/news\/2026\/05\/primo-maggio-latina-2026-briga-protagonista-in-piazza-del-popolo-insieme-ai-talenti-emergenti\/","title":{"rendered":"Primo Maggio Latina 2026: Briga protagonista in Piazza del Popolo insieme ai talenti emergenti"},"content":{"rendered":"<div id=\"fb-root\"><\/div>\n<p data-start=\"154\" data-end=\"482\">Sar\u00e0 una grande festa di musica e talento quella in programma il 1\u00b0 maggio a Latina. A partire dalle ore 18:00, Piazza del Popolo si trasformer\u00e0 in un palcoscenico a cielo aperto per la quarta edizione del \u201cPrimo Maggio Latina\u201d, evento a ingresso libero e gratuito che unisce spettacolo e valorizzazione degli artisti emergenti.<\/p>\n<p data-start=\"484\" data-end=\"984\">Ospite d\u2019eccezione della serata sar\u00e0 <span class=\"hover:entity-accent entity-underline inline cursor-pointer align-baseline\"><span class=\"whitespace-normal\">Briga<\/span><\/span>, tra i nomi pi\u00f9 amati della scena musicale italiana contemporanea. L\u2019artista romano porter\u00e0 sul palco la sua energia e un repertorio capace di spaziare dal rap alle sonorit\u00e0 pi\u00f9 melodiche, dopo il successo ottenuto ad <span class=\"hover:entity-accent entity-underline inline cursor-pointer align-baseline\"><span class=\"whitespace-normal\">Amici<\/span><\/span> \u2013 dove \u00e8 stato finalista e vincitore del Premio RTL 102.5 \u2013 e la partecipazione al <span class=\"hover:entity-accent entity-underline inline cursor-pointer align-baseline\"><span class=\"whitespace-normal\">Festival di Sanremo 2019<\/span><\/span> insieme a <span class=\"hover:entity-accent entity-underline inline cursor-pointer align-baseline\"><span class=\"whitespace-normal\">Patty Pravo<\/span><\/span>.<\/p>\n<p data-start=\"986\" data-end=\"1255\">Accanto a lui si esibiranno i 15 finalisti del contest musicale, protagonisti di un percorso fatto di passione, impegno e talento. Band e artisti emergenti che avranno l\u2019occasione di esibirsi dal vivo davanti al pubblico, conquistando il loro spazio sotto i riflettori.<\/p>\n<p data-start=\"1257\" data-end=\"1418\">L\u2019evento si conferma cos\u00ec come un appuntamento centrale per la scena musicale locale e non solo, capace di unire grandi nomi e nuove promesse in un\u2019unica serata.<\/p>\n<p data-start=\"1420\" data-end=\"1577\">L\u2019appuntamento \u00e8 quindi fissato: 1\u00b0 maggio, ore 18:00, in Piazza del Popolo a Latina. Una serata di musica dal vivo, emozioni e condivisione, aperta a tutti.<\/p>\n","protected":false},"excerpt":{"rendered":"<p>Sar\u00e0 una grande festa di musica e talento quella in programma il 1\u00b0 maggio a Latina. A partire dalle ore 18:00, Piazza del Popolo si trasformer\u00e0 in un palcoscenico a cielo aperto per la quarta edizione del \u201cPrimo Maggio Latina\u201d, evento a ingresso libero e gratuito che unisce spettacolo e valorizzazione degli artisti emergenti. Ospite [&hellip;]<\/p>\n","protected":false},"author":5444,"featured_media":427923,"comment_status":"closed","ping_status":"open","sticky":false,"template":"","format":"standard","meta":{"footnotes":""},"categories":[16,734],"tags":[],"class_list":["post-427922","post","type-post","status-publish","format-standard","has-post-thumbnail","hentry","category-appuntamenti","category-evidenza"],"_links":{"self":[{"href":"https:\/\/www.radioluna.it\/news\/wp-json\/wp\/v2\/posts\/427922","targetHints":{"allow":["GET"]}}],"collection":[{"href":"https:\/\/www.radioluna.it\/news\/wp-json\/wp\/v2\/posts"}],"about":[{"href":"https:\/\/www.radioluna.it\/news\/wp-json\/wp\/v2\/types\/post"}],"author":[{"embeddable":true,"href":"https:\/\/www.radioluna.it\/news\/wp-json\/wp\/v2\/users\/5444"}],"replies":[{"embeddable":true,"href":"https:\/\/www.radioluna.it\/news\/wp-json\/wp\/v2\/comments?post=427922"}],"version-history":[{"count":1,"href":"https:\/\/www.radioluna.it\/news\/wp-json\/wp\/v2\/posts\/427922\/revisions"}],"predecessor-version":[{"id":427924,"href":"https:\/\/www.radioluna.it\/news\/wp-json\/wp\/v2\/posts\/427922\/revisions\/427924"}],"wp:featuredmedia":[{"embeddable":true,"href":"https:\/\/www.radioluna.it\/news\/wp-json\/wp\/v2\/media\/427923"}],"wp:attachment":[{"href":"https:\/\/www.radioluna.it\/news\/wp-json\/wp\/v2\/media?parent=427922"}],"wp:term":[{"taxonomy":"category","embeddable":true,"href":"https:\/\/www.radioluna.it\/news\/wp-json\/wp\/v2\/categories?post=427922"},{"taxonomy":"post_tag","embeddable":true,"href":"https:\/\/www.radioluna.it\/news\/wp-json\/wp\/v2\/tags?post=427922"}],"curies":[{"name":"wp","href":"https:\/\/api.w.org\/{rel}","templated":true}]}}