{"id":427925,"date":"2026-05-01T10:54:15","date_gmt":"2026-05-01T08:54:15","guid":{"rendered":"https:\/\/www.radioluna.it\/news\/?p=427925"},"modified":"2026-05-01T11:08:22","modified_gmt":"2026-05-01T09:08:22","slug":"primo-maggio-garullo-uil-latina-in-piazza-per-il-lavoro-dignitoso","status":"publish","type":"post","link":"https:\/\/www.radioluna.it\/news\/2026\/05\/primo-maggio-garullo-uil-latina-in-piazza-per-il-lavoro-dignitoso\/","title":{"rendered":"Primo Maggio, Garullo, il Segretario Uil Latina: \u201cIn piazza per il lavoro dignitoso\u201d"},"content":{"rendered":"<div id=\"fb-root\"><\/div>\n<p>\u201cLavoro dignitoso\u201d \u00e8 il tema scelto da Cgil, Cisl e Uil per il Primo Maggio 2026, che si celebrer\u00e0 a Marghera. Un messaggio che la Uil rilancia anche a Latina, dove resta forte il problema della precariet\u00e0. Secondo il segretario generale della uil di latina Luigi Garullo, nonostante nel 2025 si registri un aumento di 6.300 occupati, la qualit\u00e0 del lavoro resta critica: nel settore privato non agricolo quasi il 34% dei contratti \u00e8 atipico e oltre il 41% \u00e8 part time. Preoccupano anche i salari: i lavoratori precari guadagnano poco pi\u00f9 di 9.000 euro annui, contro i oltre 25.000 dei contratti stabili. Nei primi nove mesi del 2025, inoltre, l\u201983,7% dei nuovi contratti \u00e8 stato precario. \u201cServe rimettere al centro il lavoro stabile e dignitoso \u2013 sottolinea Garullo \u2013 per contrastare bassi salari, disuguaglianze e la fuga dei giovani all\u2019estero. Contrattazione e rappresentanza restano strumenti fondamentali per tutelare i lavoratori\u201d.<\/p>\n<p>&nbsp;<\/p>\n","protected":false},"excerpt":{"rendered":"<p>\u201cLavoro dignitoso\u201d \u00e8 il tema scelto da Cgil, Cisl e Uil per il Primo Maggio 2026, che si celebrer\u00e0 a Marghera. Un messaggio che la Uil rilancia anche a Latina, dove resta forte il problema della precariet\u00e0. Secondo il segretario generale della uil di latina Luigi Garullo, nonostante nel 2025 si registri un aumento di [&hellip;]<\/p>\n","protected":false},"author":5444,"featured_media":386118,"comment_status":"closed","ping_status":"open","sticky":false,"template":"","format":"standard","meta":{"footnotes":""},"categories":[734,2256],"tags":[5738],"class_list":["post-427925","post","type-post","status-publish","format-standard","has-post-thumbnail","hentry","category-evidenza","category-prima-pagina","tag-in-primo-piano"],"_links":{"self":[{"href":"https:\/\/www.radioluna.it\/news\/wp-json\/wp\/v2\/posts\/427925","targetHints":{"allow":["GET"]}}],"collection":[{"href":"https:\/\/www.radioluna.it\/news\/wp-json\/wp\/v2\/posts"}],"about":[{"href":"https:\/\/www.radioluna.it\/news\/wp-json\/wp\/v2\/types\/post"}],"author":[{"embeddable":true,"href":"https:\/\/www.radioluna.it\/news\/wp-json\/wp\/v2\/users\/5444"}],"replies":[{"embeddable":true,"href":"https:\/\/www.radioluna.it\/news\/wp-json\/wp\/v2\/comments?post=427925"}],"version-history":[{"count":3,"href":"https:\/\/www.radioluna.it\/news\/wp-json\/wp\/v2\/posts\/427925\/revisions"}],"predecessor-version":[{"id":427928,"href":"https:\/\/www.radioluna.it\/news\/wp-json\/wp\/v2\/posts\/427925\/revisions\/427928"}],"wp:featuredmedia":[{"embeddable":true,"href":"https:\/\/www.radioluna.it\/news\/wp-json\/wp\/v2\/media\/386118"}],"wp:attachment":[{"href":"https:\/\/www.radioluna.it\/news\/wp-json\/wp\/v2\/media?parent=427925"}],"wp:term":[{"taxonomy":"category","embeddable":true,"href":"https:\/\/www.radioluna.it\/news\/wp-json\/wp\/v2\/categories?post=427925"},{"taxonomy":"post_tag","embeddable":true,"href":"https:\/\/www.radioluna.it\/news\/wp-json\/wp\/v2\/tags?post=427925"}],"curies":[{"name":"wp","href":"https:\/\/api.w.org\/{rel}","templated":true}]}}