{"id":427987,"date":"2026-05-03T08:59:52","date_gmt":"2026-05-03T06:59:52","guid":{"rendered":"https:\/\/www.radioluna.it\/news\/?p=427987"},"modified":"2026-05-03T08:59:52","modified_gmt":"2026-05-03T06:59:52","slug":"lievito-oggi-termina-il-festival-con-un-ospite-deccezione-lattore-e-regista-rocco-papaleo","status":"publish","type":"post","link":"https:\/\/www.radioluna.it\/news\/2026\/05\/lievito-oggi-termina-il-festival-con-un-ospite-deccezione-lattore-e-regista-rocco-papaleo\/","title":{"rendered":"Lievito: oggi termina il Festival con un ospite d\u2019eccezione: l\u2019attore e regista Rocco Papaleo"},"content":{"rendered":"<div id=\"fb-root\"><\/div>\n<p style=\"font-weight: 400;\">Oggi ultima giornata di Lievito, il festival che anche quest\u2019anno ha toccato punte altissime e che sin da ora d\u00e0 appuntamento al pubblico per la prossima edizione. Il Premio Lievito di quest\u2019anno va all\u2019associazione Quartieri Connessi, per il suo impegno attivo sui temi del sociale, della cultura e della partecipazione. Ha ritirato il riconoscimento il presidente Ferdinando Cedrone.<\/p>\n<p style=\"font-weight: 400;\">Oggi Domenica 3 maggio si comincia alle 17 con la presentazione e firmacopie di \u201cLa petite Sicile \u2013 Passaggi di confine: voci e storie di migrazione\u201d (Oblomov), di Andrea Ferraris. L\u2019autore si mette in viaggio sulle rotte dei migranti, raccogliendone i racconti, ascoltandone le esperienze, ed interrogandosi al tempo stesso sul proprio ruolo di testimone. L\u2019incontro \u00e8 moderato da Luciano Cisi e si terr\u00e0 in Sala Grande a Palazzo M.<\/p>\n<p style=\"font-weight: 400;\">Alle 18, un altro \u201cviaggio\u201d, stavolta all\u2019interno della Costituzione, con Luigi De Magistris. L\u2019ex Pm antimafia e parlamentare nel libro \u201cAttuare la Costituzione\u201d, che presenter\u00e0 in un incontro moderato dalla giornalista Licia Pastore sempre in Sala Grande a Palazzo M, dimostra come sia possibile mettere in pratica la legge fondamentale della Repubblica dal basso. Anche contro il potere costituito, le norme incostituzionali e la violenza dei potenti.<\/p>\n<p style=\"font-weight: 400;\">Il sipario cala sull\u2019undicesima edizione del festival alle 21 al Cinema Corso. Qui Lievito conclude il suo programma con l\u2019appuntamento clou della sua giornata: la proiezione del film \u201cIl bene comune\u201d. La pellicola sar\u00e0 presentata durante un incontro con il regista e protagonista Rocco Papaleo e con la costumista Sara Fanelli. La narrazione \u00e8 semplice, ma toccante: \u00e8 la storia di quattro detenute che si svolge tra le vette del Pollino durante un viaggio di trasformazione. Il loro cammino diventa un racconto corale sulla solidariet\u00e0 e sul bisogno profondo di essere ascoltati. La presentazione del film di Papaleo \u00e8 uno degli eventi pi\u00f9 attesi dell\u2019edizione di quest\u2019anno del festival, a chiusura della triade di respiro nazionale con lo Strega Tour e il concerto-incontro con Daniele Silvestri. Ingresso: biglietto cinema; prevendite aperte direttamente al botteghino.<\/p>\n","protected":false},"excerpt":{"rendered":"<p>Oggi ultima giornata di Lievito, il festival che anche quest\u2019anno ha toccato punte altissime e che sin da ora d\u00e0 appuntamento al pubblico per la prossima edizione. Il Premio Lievito di quest\u2019anno va all\u2019associazione Quartieri Connessi, per il suo impegno attivo sui temi del sociale, della cultura e della partecipazione. Ha ritirato il riconoscimento il [&hellip;]<\/p>\n","protected":false},"author":5444,"featured_media":427988,"comment_status":"closed","ping_status":"open","sticky":false,"template":"","format":"standard","meta":{"footnotes":""},"categories":[16,734],"tags":[],"class_list":["post-427987","post","type-post","status-publish","format-standard","has-post-thumbnail","hentry","category-appuntamenti","category-evidenza"],"_links":{"self":[{"href":"https:\/\/www.radioluna.it\/news\/wp-json\/wp\/v2\/posts\/427987","targetHints":{"allow":["GET"]}}],"collection":[{"href":"https:\/\/www.radioluna.it\/news\/wp-json\/wp\/v2\/posts"}],"about":[{"href":"https:\/\/www.radioluna.it\/news\/wp-json\/wp\/v2\/types\/post"}],"author":[{"embeddable":true,"href":"https:\/\/www.radioluna.it\/news\/wp-json\/wp\/v2\/users\/5444"}],"replies":[{"embeddable":true,"href":"https:\/\/www.radioluna.it\/news\/wp-json\/wp\/v2\/comments?post=427987"}],"version-history":[{"count":1,"href":"https:\/\/www.radioluna.it\/news\/wp-json\/wp\/v2\/posts\/427987\/revisions"}],"predecessor-version":[{"id":427989,"href":"https:\/\/www.radioluna.it\/news\/wp-json\/wp\/v2\/posts\/427987\/revisions\/427989"}],"wp:featuredmedia":[{"embeddable":true,"href":"https:\/\/www.radioluna.it\/news\/wp-json\/wp\/v2\/media\/427988"}],"wp:attachment":[{"href":"https:\/\/www.radioluna.it\/news\/wp-json\/wp\/v2\/media?parent=427987"}],"wp:term":[{"taxonomy":"category","embeddable":true,"href":"https:\/\/www.radioluna.it\/news\/wp-json\/wp\/v2\/categories?post=427987"},{"taxonomy":"post_tag","embeddable":true,"href":"https:\/\/www.radioluna.it\/news\/wp-json\/wp\/v2\/tags?post=427987"}],"curies":[{"name":"wp","href":"https:\/\/api.w.org\/{rel}","templated":true}]}}