{"id":427997,"date":"2026-05-03T11:03:21","date_gmt":"2026-05-03T09:03:21","guid":{"rendered":"https:\/\/www.radioluna.it\/news\/?p=427997"},"modified":"2026-05-03T11:03:21","modified_gmt":"2026-05-03T09:03:21","slug":"camminata-nella-natura-e-colazione-condivisa-il-san-benedetto-einaudi-mattei-apre-le-porte-al-territorio","status":"publish","type":"post","link":"https:\/\/www.radioluna.it\/news\/2026\/05\/camminata-nella-natura-e-colazione-condivisa-il-san-benedetto-einaudi-mattei-apre-le-porte-al-territorio\/","title":{"rendered":"Camminata nella natura e colazione condivisa: il San Benedetto-Einaudi-Mattei apre le porte al territorio"},"content":{"rendered":"<div id=\"fb-root\"><\/div>\n<p data-start=\"208\" data-end=\"424\">Sabato 9 maggio, a partire dalle ore 9.00, l\u2019I.I.S. \u201cSan Benedetto-Einaudi-Mattei\u201d di Latina invita la cittadinanza a partecipare a una mattinata speciale all\u2019insegna della natura, del benessere e della condivisione. L\u2019iniziativa rappresenta un\u2019occasione unica per conoscere da vicino l\u2019identit\u00e0 dell\u2019Istituto e il forte legame che lo unisce al territorio. Il programma prevede una suggestiva passeggiata tra i filari e i sentieri dell\u2019Azienda Agraria scolastica: un percorso guidato pensato per far vivere ai partecipanti un\u2019esperienza diretta a contatto con l\u2019ambiente naturale. Ad accompagnare il gruppo saranno i professori Costa e Caiazzo, mentre durante il percorso i docenti Donnini e Batistoni illustreranno le attivit\u00e0 didattiche e produttive dell\u2019Istituto, offrendo uno sguardo concreto sulle opportunit\u00e0 formative proposte. \u201cAprire le porte del nostro Istituto alla cittadinanza \u00e8 un invito a conoscere la nostra identit\u00e0 pi\u00f9 autentica\u201d \u2013 ha dichiarato il Dirigente Scolastico, prof. Ugo Viti. \u2013 \u201cCrediamo in una scuola che vada oltre le aule, capace di creare momenti di incontro, dialogo e crescita condivisa con il territorio.\u201d<\/p>\n<p data-start=\"1354\" data-end=\"1592\">Al termine della camminata \u00e8 previsto un momento conviviale: una colazione curata dal professor De Rosa, pensata per valorizzare i prodotti locali e favorire la conoscenza reciproca tra i partecipanti, in un clima accogliente e informale.<\/p>\n<p data-start=\"1809\" data-end=\"1949\">Un appuntamento da non perdere per riscoprire il valore del tempo condiviso, del contatto con la natura e del dialogo tra scuola e comunit\u00e0.<\/p>\n","protected":false},"excerpt":{"rendered":"<p>Sabato 9 maggio, a partire dalle ore 9.00, l\u2019I.I.S. \u201cSan Benedetto-Einaudi-Mattei\u201d di Latina invita la cittadinanza a partecipare a una mattinata speciale all\u2019insegna della natura, del benessere e della condivisione. L\u2019iniziativa rappresenta un\u2019occasione unica per conoscere da vicino l\u2019identit\u00e0 dell\u2019Istituto e il forte legame che lo unisce al territorio. Il programma prevede una suggestiva passeggiata [&hellip;]<\/p>\n","protected":false},"author":5444,"featured_media":427998,"comment_status":"closed","ping_status":"open","sticky":false,"template":"","format":"standard","meta":{"footnotes":""},"categories":[16,2256],"tags":[],"class_list":["post-427997","post","type-post","status-publish","format-standard","has-post-thumbnail","hentry","category-appuntamenti","category-prima-pagina"],"_links":{"self":[{"href":"https:\/\/www.radioluna.it\/news\/wp-json\/wp\/v2\/posts\/427997","targetHints":{"allow":["GET"]}}],"collection":[{"href":"https:\/\/www.radioluna.it\/news\/wp-json\/wp\/v2\/posts"}],"about":[{"href":"https:\/\/www.radioluna.it\/news\/wp-json\/wp\/v2\/types\/post"}],"author":[{"embeddable":true,"href":"https:\/\/www.radioluna.it\/news\/wp-json\/wp\/v2\/users\/5444"}],"replies":[{"embeddable":true,"href":"https:\/\/www.radioluna.it\/news\/wp-json\/wp\/v2\/comments?post=427997"}],"version-history":[{"count":1,"href":"https:\/\/www.radioluna.it\/news\/wp-json\/wp\/v2\/posts\/427997\/revisions"}],"predecessor-version":[{"id":427999,"href":"https:\/\/www.radioluna.it\/news\/wp-json\/wp\/v2\/posts\/427997\/revisions\/427999"}],"wp:featuredmedia":[{"embeddable":true,"href":"https:\/\/www.radioluna.it\/news\/wp-json\/wp\/v2\/media\/427998"}],"wp:attachment":[{"href":"https:\/\/www.radioluna.it\/news\/wp-json\/wp\/v2\/media?parent=427997"}],"wp:term":[{"taxonomy":"category","embeddable":true,"href":"https:\/\/www.radioluna.it\/news\/wp-json\/wp\/v2\/categories?post=427997"},{"taxonomy":"post_tag","embeddable":true,"href":"https:\/\/www.radioluna.it\/news\/wp-json\/wp\/v2\/tags?post=427997"}],"curies":[{"name":"wp","href":"https:\/\/api.w.org\/{rel}","templated":true}]}}