{"id":436780,"date":"2026-08-31T08:23:41","date_gmt":"2026-08-31T06:23:41","guid":{"rendered":"https:\/\/www.radioluna.it\/news\/?p=436780"},"modified":"2026-08-31T08:23:41","modified_gmt":"2026-08-31T06:23:41","slug":"stipendi-di-nuovo-in-ritardo-per-i-lavoratori-cup-la-penna-pd-basta-rimpallo-regione-chiarisca","status":"publish","type":"post","link":"https:\/\/www.radioluna.it\/news\/2026\/08\/stipendi-di-nuovo-in-ritardo-per-i-lavoratori-cup-la-penna-pd-basta-rimpallo-regione-chiarisca\/","title":{"rendered":"Stipendi di nuovo in ritardo per i lavoratori CUP, La Penna (PD): \u00abBasta rimpallo, Regione chiarisca\u00bb"},"content":{"rendered":"<div id=\"fb-root\"><\/div>\n<p>LATINA &#8211; Gli stipendi dei lavoratori del Cup sono nuovamente in ritardo. Lo rileva il consigliere regionale Pd Salvatore La Penna spiegando che &#8220;proprio poche ore fa la societ\u00e0 esterna che gestisce il servizio ha inviato una comunicazione ai dipendenti annunciando un ulteriore rinvio nel pagamento delle spettanze motivandolo con la mancata disponibilit\u00e0, sui propri conti, dell\u2019accredito delle somme da parte della Regione Lazio&#8221;.<\/p>\n<p>\u00abA questo punto \u2013 dichiara La Penna \u2013 la Regione deve confermare o smentire quanto comunicato dalla societ\u00e0 agli operatori. Da troppe settimane si rinvia facendo riferimento a problemi tecnici, ma nel frattempo ci sono centinaia di famiglie che attendono di ricevere ci\u00f2 che spetta loro per il lavoro svolto. Non \u00e8 pi\u00f9 accettabile una situazione di questo tipo\u00bb.<\/p>\n<p>Pochi giorni fa era stata la Asl di Latina con una nota ufficiale a comunicare di aver diffidato la societ\u00e0, precisando che &#8220;i ritardi non sarebbero imputabili alla pubblica amministrazione, cos\u00ec come le prese di posizione delle organizzazioni sindacali&#8221;.<\/p>\n<p>\u00ab\u00c8 necessario fare immediatamente chiarezza. Se dovessero essere riscontrate palesi inadempienze da parte della societ\u00e0, la Regione valuti tutte le soluzioni possibili per tutelare i lavoratori e garantire, al tempo stesso, la continuit\u00e0 di un servizio pubblico fondamentale. Ribadiamo quindi il nostro appello al presidente Rocca, &#8211; conclude il consigliere del PD &#8211; anche nella sua qualit\u00e0 di titolare della delega alla Sanit\u00e0: si faccia chiarezza una volta per tutte e si intervenga senza ulteriori rinvii. I lavoratori del CUP non possono continuare ad aspettare\u00bb.<\/p>\n<div id=\"radio-1479431211\" class=\"radio-dopo-il-contenuto radio-entity-placement\"><a data-no-instant=\"1\" href=\"https:\/\/concessionari-suzuki.it\/bodema\/\" rel=\"noopener\" class=\"a2t-link\" aria-label=\"Bodema 1200&#215;600 banner Suzuki_AX\"><img loading=\"lazy\" decoding=\"async\" src=\"https:\/\/www.radioluna.it\/news\/wp-content\/uploads\/2025\/05\/Bodema-1200x600-banner-Suzuki_AX.jpg\" alt=\"\"  srcset=\"https:\/\/www.radioluna.it\/news\/wp-content\/uploads\/2025\/05\/Bodema-1200x600-banner-Suzuki_AX.jpg 1200w, https:\/\/www.radioluna.it\/news\/wp-content\/uploads\/2025\/05\/Bodema-1200x600-banner-Suzuki_AX-768x384.jpg 768w\" sizes=\"(max-width: 1200px) 100vw, 1200px\" width=\"800\" height=\"300\"   \/><\/a><\/div>","protected":false},"excerpt":{"rendered":"<p>LATINA &#8211; Gli stipendi dei lavoratori del Cup sono nuovamente in ritardo. Lo rileva il consigliere regionale Pd Salvatore La Penna spiegando che &#8220;proprio poche ore fa la societ\u00e0 esterna che gestisce il servizio ha inviato una comunicazione ai dipendenti annunciando un ulteriore rinvio nel pagamento delle spettanze motivandolo con la mancata disponibilit\u00e0, sui propri [&hellip;]<\/p>\n","protected":false},"author":62,"featured_media":368487,"comment_status":"closed","ping_status":"open","sticky":false,"template":"","format":"standard","meta":{"footnotes":"","jetpack_publicize_message":"","jetpack_publicize_feature_enabled":true,"jetpack_social_post_already_shared":true,"jetpack_social_options":{"image_generator_settings":{"template":"highway","default_image_id":0,"font":"","enabled":false},"version":2}},"categories":[2616],"tags":[],"class_list":["post-436780","post","type-post","status-publish","format-standard","has-post-thumbnail","hentry","category-sanita"],"jetpack_publicize_connections":[],"_links":{"self":[{"href":"https:\/\/www.radioluna.it\/news\/wp-json\/wp\/v2\/posts\/436780","targetHints":{"allow":["GET"]}}],"collection":[{"href":"https:\/\/www.radioluna.it\/news\/wp-json\/wp\/v2\/posts"}],"about":[{"href":"https:\/\/www.radioluna.it\/news\/wp-json\/wp\/v2\/types\/post"}],"author":[{"embeddable":true,"href":"https:\/\/www.radioluna.it\/news\/wp-json\/wp\/v2\/users\/62"}],"replies":[{"embeddable":true,"href":"https:\/\/www.radioluna.it\/news\/wp-json\/wp\/v2\/comments?post=436780"}],"version-history":[{"count":1,"href":"https:\/\/www.radioluna.it\/news\/wp-json\/wp\/v2\/posts\/436780\/revisions"}],"predecessor-version":[{"id":436781,"href":"https:\/\/www.radioluna.it\/news\/wp-json\/wp\/v2\/posts\/436780\/revisions\/436781"}],"wp:featuredmedia":[{"embeddable":true,"href":"https:\/\/www.radioluna.it\/news\/wp-json\/wp\/v2\/media\/368487"}],"wp:attachment":[{"href":"https:\/\/www.radioluna.it\/news\/wp-json\/wp\/v2\/media?parent=436780"}],"wp:term":[{"taxonomy":"category","embeddable":true,"href":"https:\/\/www.radioluna.it\/news\/wp-json\/wp\/v2\/categories?post=436780"},{"taxonomy":"post_tag","embeddable":true,"href":"https:\/\/www.radioluna.it\/news\/wp-json\/wp\/v2\/tags?post=436780"}],"curies":[{"name":"wp","href":"https:\/\/api.w.org\/{rel}","templated":true}]}}