{"id":436804,"date":"2026-08-31T10:01:29","date_gmt":"2026-08-31T08:01:29","guid":{"rendered":"https:\/\/www.radioluna.it\/news\/?p=436804"},"modified":"2026-08-31T10:01:29","modified_gmt":"2026-08-31T08:01:29","slug":"tombini-storici-con-la-scritta-littoria-spariti-da-parco-falcone-e-borsellino-lassociazione-tor-tre-ponti-scrive-al-comune-vogliamo-vedere-dove-sono","status":"publish","type":"post","link":"https:\/\/www.radioluna.it\/news\/2026\/08\/tombini-storici-con-la-scritta-littoria-spariti-da-parco-falcone-e-borsellino-lassociazione-tor-tre-ponti-scrive-al-comune-vogliamo-vedere-dove-sono\/","title":{"rendered":"Tombini storici con la scritta Littoria spariti da Parco Falcone e Borsellino, l&#8217;Associazione Tor Tre Ponti scrive al Comune: &#8220;Vogliamo vedere dove sono&#8221;"},"content":{"rendered":"<div id=\"fb-root\"><\/div>\n<p style=\"text-align: justify;\">LATINA &#8211; Dopo la sparizione dei tombini storici in ghisa con l&#8217;incisione &#8220;Littoria&#8221;, rimossi durante i recenti lavori di riqualificazione del Parco Falcone e Borsellino, l&#8217;Associazione Culturale Tor Tre Ponti ha inviato venerd\u00ec una comunicazione ufficiale indirizzata alla Sindaca di Latina Matilde Celentano, all&#8217;Assessore ai Lavori Pubblici Massimiliano Carnevale e a tutti i Capigruppo Consiliari chiedendo di poter &#8220;verificare lo stato di conservazione dei reperti e mettere un punto definitivo alle polemiche che da settimane animano il dibattito cittadino&#8221;.<\/p>\n<p style=\"text-align: justify;\">L\u2019Associazione, attiva sul territorio dal 2009 nella tutela della memoria storica pontina, ha preso atto delle dichiarazioni dell&#8217;Assessore Carnevale circa la custodia dei manufatti nei depositi comunali e la disponibilit\u00e0 a un loro futuro ricollocamento. Tuttavia, per dissipare le continue speculazioni e rassicurare l&#8217;opinione pubblica, il Presidente dell&#8217;Associazione Emanuele Bonaldo ha formalizzato tre precise richieste all&#8217;Amministrazione: conoscere l&#8217;attuale ed esatta collocazione dei chiusini mancanti, avere rassicurazioni ufficiali sulle modalit\u00e0 della loro conservazione e, soprattutto, poterli visionare direttamente.<\/p>\n<p style=\"text-align: justify;\">\u00abLa nostra non \u00e8 una provocazione, ma una richiesta di trasparenza in linea con la missione statutaria che portiamo avanti da quasi vent&#8217;anni \u2013 spiega Emanuele Bonaldo, Presidente dell&#8217;Associazione Tor Tre Ponti \u2013. Questi manufatti, indipendentemente dalle valutazioni estetiche sui nuovi cromatismi del parco, rappresentano una testimonianza tangibile dell&#8217;epoca di fondazione della nostra citt\u00e0 e meritano assoluto rispetto. Le continue voci che circolano online e sui giornali non fanno bene a nessuno. Chiediamo semplicemente di poter vedere i chiusini per attestarne l&#8217;integrit\u00e0 e di avere garanzie scritte sulla loro tutela. Solo cos\u00ec si potr\u00e0 scrivere la parola fine su questa vicenda, dimostrando che il patrimonio storico della comunit\u00e0 \u00e8 davvero al sicuro\u00bb.<\/p>\n<p style=\"text-align: justify;\">L&#8217;Associazione\u00a0 &#8211; si legge in una nota &#8211; resta ora in attesa di un celere riscontro da parte degli uffici comunali per concordare un sopralluogo presso i depositi in cui sono custoditi i reperti.<\/p>\n<div id=\"radio-583916013\" class=\"radio-dopo-il-contenuto radio-entity-placement\"><a data-no-instant=\"1\" href=\"https:\/\/concessionari-suzuki.it\/bodema\/\" rel=\"noopener\" class=\"a2t-link\" aria-label=\"Bodema 1200&#215;600 banner Suzuki_AX\"><img loading=\"lazy\" decoding=\"async\" src=\"https:\/\/www.radioluna.it\/news\/wp-content\/uploads\/2025\/05\/Bodema-1200x600-banner-Suzuki_AX.jpg\" alt=\"\"  srcset=\"https:\/\/www.radioluna.it\/news\/wp-content\/uploads\/2025\/05\/Bodema-1200x600-banner-Suzuki_AX.jpg 1200w, https:\/\/www.radioluna.it\/news\/wp-content\/uploads\/2025\/05\/Bodema-1200x600-banner-Suzuki_AX-768x384.jpg 768w\" sizes=\"(max-width: 1200px) 100vw, 1200px\" width=\"800\" height=\"300\"   \/><\/a><\/div>","protected":false},"excerpt":{"rendered":"<p>LATINA &#8211; Dopo la sparizione dei tombini storici in ghisa con l&#8217;incisione &#8220;Littoria&#8221;, rimossi durante i recenti lavori di riqualificazione del Parco Falcone e Borsellino, l&#8217;Associazione Culturale Tor Tre Ponti ha inviato venerd\u00ec una comunicazione ufficiale indirizzata alla Sindaca di Latina Matilde Celentano, all&#8217;Assessore ai Lavori Pubblici Massimiliano Carnevale e a tutti i Capigruppo Consiliari [&hellip;]<\/p>\n","protected":false},"author":62,"featured_media":436805,"comment_status":"closed","ping_status":"open","sticky":false,"template":"","format":"standard","meta":{"footnotes":"","jetpack_publicize_message":"","jetpack_publicize_feature_enabled":true,"jetpack_social_post_already_shared":true,"jetpack_social_options":{"image_generator_settings":{"template":"highway","default_image_id":0,"font":"","enabled":false},"version":2}},"categories":[735],"tags":[],"class_list":["post-436804","post","type-post","status-publish","format-standard","has-post-thumbnail","hentry","category-attualita"],"jetpack_publicize_connections":[],"_links":{"self":[{"href":"https:\/\/www.radioluna.it\/news\/wp-json\/wp\/v2\/posts\/436804","targetHints":{"allow":["GET"]}}],"collection":[{"href":"https:\/\/www.radioluna.it\/news\/wp-json\/wp\/v2\/posts"}],"about":[{"href":"https:\/\/www.radioluna.it\/news\/wp-json\/wp\/v2\/types\/post"}],"author":[{"embeddable":true,"href":"https:\/\/www.radioluna.it\/news\/wp-json\/wp\/v2\/users\/62"}],"replies":[{"embeddable":true,"href":"https:\/\/www.radioluna.it\/news\/wp-json\/wp\/v2\/comments?post=436804"}],"version-history":[{"count":1,"href":"https:\/\/www.radioluna.it\/news\/wp-json\/wp\/v2\/posts\/436804\/revisions"}],"predecessor-version":[{"id":436806,"href":"https:\/\/www.radioluna.it\/news\/wp-json\/wp\/v2\/posts\/436804\/revisions\/436806"}],"wp:featuredmedia":[{"embeddable":true,"href":"https:\/\/www.radioluna.it\/news\/wp-json\/wp\/v2\/media\/436805"}],"wp:attachment":[{"href":"https:\/\/www.radioluna.it\/news\/wp-json\/wp\/v2\/media?parent=436804"}],"wp:term":[{"taxonomy":"category","embeddable":true,"href":"https:\/\/www.radioluna.it\/news\/wp-json\/wp\/v2\/categories?post=436804"},{"taxonomy":"post_tag","embeddable":true,"href":"https:\/\/www.radioluna.it\/news\/wp-json\/wp\/v2\/tags?post=436804"}],"curies":[{"name":"wp","href":"https:\/\/api.w.org\/{rel}","templated":true}]}}