{"id":436820,"date":"2026-08-31T12:46:53","date_gmt":"2026-08-31T10:46:53","guid":{"rendered":"https:\/\/www.radioluna.it\/news\/?p=436820"},"modified":"2026-08-31T12:46:53","modified_gmt":"2026-08-31T10:46:53","slug":"il-divenire-nella-mostra-di-enrica-capone-ala-museo-greco-di-sabaudia","status":"publish","type":"post","link":"https:\/\/www.radioluna.it\/news\/2026\/08\/il-divenire-nella-mostra-di-enrica-capone-ala-museo-greco-di-sabaudia\/","title":{"rendered":"Il divenire nella mostra di Enrica Capone ala Museo Greco di Sabaudia"},"content":{"rendered":"<div id=\"fb-root\"><\/div>\n<p style=\"text-align: justify;\"><strong>SABAUDIA &#8211; Sar\u00e0 inaugurata sabato 12 settembre alle 17,30 al\u00a0Museo Emilio Greco di Sabaudia la mostra \u201cDivenire. Dalla materia alla parola\u201d dell\u2019artista Enrica Capone<\/strong>, a cura di Silvia Filippi, che rester\u00e0 visitabile fino al 27 settembre 2026. Un progetto di Accademia di Ecologia, Arte Riarteco APS e Galleria Purificato.Zero, realizzato grazie al contributo della Regione Lazio.<\/p>\n<p style=\"text-align: justify;\">&#8220;Pi\u00f9 che un tema espositivo, l\u2019idea del divenire rappresenta il criterio attraverso cui interpretare il rapporto tra arte, patrimonio e comunit\u00e0. La trasformazione diventa il filo conduttore del percorso con la materia che si tramuta in forma, la forma in segno, il segno in parola, la parola in memoria condivisa&#8221;, spiegano i curatori.<\/p>\n<p style=\"text-align: justify;\">\u201cLa mostra di Enrica Capone \u00e8 un dispositivo di mediazione culturale, capace di mettere in relazione opere, paesaggio, comunit\u00e0 e visitatori che si alimentano reciprocamente. Le opere di Emilio Greco, il lavoro di Enrica Capone, il paesaggio del Lago di Paola e il coinvolgimento della comunit\u00e0 compongono un unico racconto, aperto al dialogo tra tradizione e contemporaneit\u00e0 &#8211; sottolinea la storica dell\u2019arte Silvia Filippi\u00a0 &#8211; Il museo \u00e8 partecipe di questo processo, affermandosi come luogo di relazione, ricerca e produzione culturale. Il patrimonio, in esso conservato, non coincide soltanto con l&#8217;insieme delle opere, ma continua a vivere attraverso le relazioni che genera tra passato e presente, tra ricerca e partecipazione, tra conoscenza specialistica ed esperienza del pubblico. Una visione, questa, che si inserisce nel dibattito della museologia contemporanea, che riconosce il museo come istituzione aperta e al servizio della societ\u00e0&#8221;.<\/p>\n<p style=\"text-align: justify;\">Il progetto espositivo nasce proprio con l\u2019obiettivo di proporre un percorso in cui patrimonio, paesaggio e comunit\u00e0 costituiscano un&#8217;unica esperienza culturale, che prende forma dal dialogo tra l&#8217;opera di Emilio Greco, il paesaggio di Sabaudia e la ricerca artistica di Enrica Capone. Il legame tra Emilio Greco e Sabaudia rappresenta un punto nodale del progetto. La donazione di una parte delle sue opere e la scelta di essere sepolto in questa terra testimoniano un rapporto che affida alla comunit\u00e0 la responsabilit\u00e0 di custodirne l&#8217;eredit\u00e0 artistica e culturale. Anche il Lago di Paola, visibile dalle sale espositive, entra a far parte del percorso come naturale estensione del museo, ampliando il dialogo tra patrimonio culturale e patrimonio naturale.<\/p>\n<p style=\"text-align: justify;\">Enrica Capone \u00e8 architetto e artista, vive e lavora a Roma. La sua ricerca nasce dallo studio delle tecniche tradizionali del disegno e della pittura e si sviluppa attraverso una sperimentazione dei linguaggi della materia, intesa come luogo di memoria, esistenza e trasformazione. Presente nel 2011 alla 54\u00aa Biennale di Venezia, Enrica Capone ha esposto in numerose mostre personali e collettive in Italia e all&#8217;estero, collaborando con istituzioni culturali, musei e gallerie. Nel 2024 e 2025 l\u2019artista \u00e8 stata selezionata per il Salon Art Capital presso il Grand Palais di Parigi.<\/p>\n<p style=\"text-align: justify;\">\n<p>&nbsp;<\/p>\n<p>&nbsp;<\/p>\n<div id=\"radio-59122936\" class=\"radio-dopo-il-contenuto radio-entity-placement\"><a data-no-instant=\"1\" href=\"https:\/\/concessionari-suzuki.it\/bodema\/\" rel=\"noopener\" class=\"a2t-link\" aria-label=\"Bodema 1200&#215;600 banner Suzuki_AX\"><img loading=\"lazy\" decoding=\"async\" src=\"https:\/\/www.radioluna.it\/news\/wp-content\/uploads\/2025\/05\/Bodema-1200x600-banner-Suzuki_AX.jpg\" alt=\"\"  srcset=\"https:\/\/www.radioluna.it\/news\/wp-content\/uploads\/2025\/05\/Bodema-1200x600-banner-Suzuki_AX.jpg 1200w, https:\/\/www.radioluna.it\/news\/wp-content\/uploads\/2025\/05\/Bodema-1200x600-banner-Suzuki_AX-768x384.jpg 768w\" sizes=\"(max-width: 1200px) 100vw, 1200px\" width=\"800\" height=\"300\"   \/><\/a><\/div>","protected":false},"excerpt":{"rendered":"<p>SABAUDIA &#8211; Sar\u00e0 inaugurata sabato 12 settembre alle 17,30 al\u00a0Museo Emilio Greco di Sabaudia la mostra \u201cDivenire. Dalla materia alla parola\u201d dell\u2019artista Enrica Capone, a cura di Silvia Filippi, che rester\u00e0 visitabile fino al 27 settembre 2026. Un progetto di Accademia di Ecologia, Arte Riarteco APS e Galleria Purificato.Zero, realizzato grazie al contributo della Regione [&hellip;]<\/p>\n","protected":false},"author":60,"featured_media":436821,"comment_status":"closed","ping_status":"open","sticky":false,"template":"","format":"standard","meta":{"footnotes":"","jetpack_publicize_message":"","jetpack_publicize_feature_enabled":true,"jetpack_social_post_already_shared":true,"jetpack_social_options":{"image_generator_settings":{"template":"highway","default_image_id":0,"font":"","enabled":false},"version":2}},"categories":[16],"tags":[],"class_list":["post-436820","post","type-post","status-publish","format-standard","has-post-thumbnail","hentry","category-appuntamenti"],"jetpack_publicize_connections":[],"_links":{"self":[{"href":"https:\/\/www.radioluna.it\/news\/wp-json\/wp\/v2\/posts\/436820","targetHints":{"allow":["GET"]}}],"collection":[{"href":"https:\/\/www.radioluna.it\/news\/wp-json\/wp\/v2\/posts"}],"about":[{"href":"https:\/\/www.radioluna.it\/news\/wp-json\/wp\/v2\/types\/post"}],"author":[{"embeddable":true,"href":"https:\/\/www.radioluna.it\/news\/wp-json\/wp\/v2\/users\/60"}],"replies":[{"embeddable":true,"href":"https:\/\/www.radioluna.it\/news\/wp-json\/wp\/v2\/comments?post=436820"}],"version-history":[{"count":1,"href":"https:\/\/www.radioluna.it\/news\/wp-json\/wp\/v2\/posts\/436820\/revisions"}],"predecessor-version":[{"id":436823,"href":"https:\/\/www.radioluna.it\/news\/wp-json\/wp\/v2\/posts\/436820\/revisions\/436823"}],"wp:featuredmedia":[{"embeddable":true,"href":"https:\/\/www.radioluna.it\/news\/wp-json\/wp\/v2\/media\/436821"}],"wp:attachment":[{"href":"https:\/\/www.radioluna.it\/news\/wp-json\/wp\/v2\/media?parent=436820"}],"wp:term":[{"taxonomy":"category","embeddable":true,"href":"https:\/\/www.radioluna.it\/news\/wp-json\/wp\/v2\/categories?post=436820"},{"taxonomy":"post_tag","embeddable":true,"href":"https:\/\/www.radioluna.it\/news\/wp-json\/wp\/v2\/tags?post=436820"}],"curies":[{"name":"wp","href":"https:\/\/api.w.org\/{rel}","templated":true}]}}