{"id":436847,"date":"2026-08-31T18:24:49","date_gmt":"2026-08-31T16:24:49","guid":{"rendered":"https:\/\/www.radioluna.it\/news\/?p=436847"},"modified":"2026-08-31T18:24:49","modified_gmt":"2026-08-31T16:24:49","slug":"extrainvictus-2026-ultras-lamberto-ciabatti-racconta-laltra-faccia-delle-curve","status":"publish","type":"post","link":"https:\/\/www.radioluna.it\/news\/2026\/08\/extrainvictus-2026-ultras-lamberto-ciabatti-racconta-laltra-faccia-delle-curve\/","title":{"rendered":"ExtraInvictus 2026, \u201cULTRAS\u201d: Lamberto Ciabatti racconta l\u2019altra faccia delle curve"},"content":{"rendered":"<div id=\"fb-root\"><\/div>\n<p class=\"isSelectedEnd\" style=\"text-align: justify;\">Il mondo degli ultras viene quasi sempre raccontato attraverso le parole \u201cviolenza\u201d, \u201cscontri\u201d, \u201cdisordini\u201d. Ma cosa succede se, per una volta, si prova ad ascoltare direttamente chi quelle curve le vive e le anima \u00c8 la prospettiva scelta da Lamberto Ciabatti in <em>ULTRAS<\/em>, pubblicato da SEM, uno degli otto libri che riceveranno una menzione ExtraInvictus nell\u2019ambito della settima edizione del Premio Letterario Sportivo Invictus. Il riconoscimento sar\u00e0 consegnato l\u20198 settembre, alle 18.30, durante la serata ospitata dal Castello Caetani di Sermoneta, dedicata alle otto opere selezionate dai media partner del Premio per il loro stile narrativo e per il valore delle storie raccontate.<\/p>\n<p class=\"isSelectedEnd\" style=\"text-align: justify;\">Nel suo libro Ciabatti prova a ribaltare la prospettiva pi\u00f9 consueta e a dare voce a chi per decenni ha animato le curve pi\u00f9 calde d\u2019Italia. Attraverso testimonianze raccolte da Milano a Roma, da Torino a Bari, da Bergamo a Palermo, emerge una storia alternativa del nostro Paese, dagli anni Settanta fino agli anni Duemila: una storia fatta di appartenenza, rituali, rivalit\u00e0, trasferte e identit\u00e0, ma anche di violenza, droga, criminalit\u00e0 e vite segnate da scelte estreme.<\/p>\n<p class=\"isSelectedEnd\" style=\"text-align: justify;\">Su Radio Immagine abbiamo parlato con l&#8217;autore del suo lavoro di ricerca e di un viaggio dentro una realt\u00e0 complessa e contraddittoria, che non cerca semplicemente di assolvere o condannare, ma di capire:<\/p>\n<audio class=\"wp-audio-shortcode\" id=\"audio-436847-1\" preload=\"none\" style=\"width: 100%;\" controls=\"controls\"><source type=\"audio\/mpeg\" src=\"https:\/\/www.radioluna.it\/news\/wp-content\/uploads\/2026\/08\/lamberto-ciabatti_compressed-online-audio-converter.com_.mp3?_=1\" \/><a href=\"https:\/\/www.radioluna.it\/news\/wp-content\/uploads\/2026\/08\/lamberto-ciabatti_compressed-online-audio-converter.com_.mp3\">https:\/\/www.radioluna.it\/news\/wp-content\/uploads\/2026\/08\/lamberto-ciabatti_compressed-online-audio-converter.com_.mp3<\/a><\/audio>\n<p>&nbsp;<\/p>\n<p>&nbsp;<\/p>\n<div id=\"radio-2896126976\" class=\"radio-dopo-il-contenuto radio-entity-placement\"><a data-no-instant=\"1\" href=\"https:\/\/concessionari-suzuki.it\/bodema\/\" rel=\"noopener\" class=\"a2t-link\" aria-label=\"Bodema 1200&#215;600 banner Suzuki_AX\"><img loading=\"lazy\" decoding=\"async\" src=\"https:\/\/www.radioluna.it\/news\/wp-content\/uploads\/2025\/05\/Bodema-1200x600-banner-Suzuki_AX.jpg\" alt=\"\"  srcset=\"https:\/\/www.radioluna.it\/news\/wp-content\/uploads\/2025\/05\/Bodema-1200x600-banner-Suzuki_AX.jpg 1200w, https:\/\/www.radioluna.it\/news\/wp-content\/uploads\/2025\/05\/Bodema-1200x600-banner-Suzuki_AX-768x384.jpg 768w\" sizes=\"(max-width: 1200px) 100vw, 1200px\" width=\"800\" height=\"300\"   \/><\/a><\/div>","protected":false},"excerpt":{"rendered":"<p>Il mondo degli ultras viene quasi sempre raccontato attraverso le parole \u201cviolenza\u201d, \u201cscontri\u201d, \u201cdisordini\u201d. Ma cosa succede se, per una volta, si prova ad ascoltare direttamente chi quelle curve le vive e le anima \u00c8 la prospettiva scelta da Lamberto Ciabatti in ULTRAS, pubblicato da SEM, uno degli otto libri che riceveranno una menzione ExtraInvictus [&hellip;]<\/p>\n","protected":false},"author":5443,"featured_media":436850,"comment_status":"closed","ping_status":"open","sticky":false,"template":"","format":"standard","meta":{"footnotes":"","jetpack_publicize_message":"","jetpack_publicize_feature_enabled":true,"jetpack_social_post_already_shared":true,"jetpack_social_options":{"image_generator_settings":{"template":"highway","default_image_id":0,"font":"","enabled":false},"version":2}},"categories":[2310,2424],"tags":[],"class_list":["post-436847","post","type-post","status-publish","format-standard","has-post-thumbnail","hentry","category-audio","category-i-nostri-libri"],"jetpack_publicize_connections":[],"_links":{"self":[{"href":"https:\/\/www.radioluna.it\/news\/wp-json\/wp\/v2\/posts\/436847","targetHints":{"allow":["GET"]}}],"collection":[{"href":"https:\/\/www.radioluna.it\/news\/wp-json\/wp\/v2\/posts"}],"about":[{"href":"https:\/\/www.radioluna.it\/news\/wp-json\/wp\/v2\/types\/post"}],"author":[{"embeddable":true,"href":"https:\/\/www.radioluna.it\/news\/wp-json\/wp\/v2\/users\/5443"}],"replies":[{"embeddable":true,"href":"https:\/\/www.radioluna.it\/news\/wp-json\/wp\/v2\/comments?post=436847"}],"version-history":[{"count":1,"href":"https:\/\/www.radioluna.it\/news\/wp-json\/wp\/v2\/posts\/436847\/revisions"}],"predecessor-version":[{"id":436851,"href":"https:\/\/www.radioluna.it\/news\/wp-json\/wp\/v2\/posts\/436847\/revisions\/436851"}],"wp:featuredmedia":[{"embeddable":true,"href":"https:\/\/www.radioluna.it\/news\/wp-json\/wp\/v2\/media\/436850"}],"wp:attachment":[{"href":"https:\/\/www.radioluna.it\/news\/wp-json\/wp\/v2\/media?parent=436847"}],"wp:term":[{"taxonomy":"category","embeddable":true,"href":"https:\/\/www.radioluna.it\/news\/wp-json\/wp\/v2\/categories?post=436847"},{"taxonomy":"post_tag","embeddable":true,"href":"https:\/\/www.radioluna.it\/news\/wp-json\/wp\/v2\/tags?post=436847"}],"curies":[{"name":"wp","href":"https:\/\/api.w.org\/{rel}","templated":true}]}}