{"id":436915,"date":"2026-09-01T18:38:35","date_gmt":"2026-09-01T16:38:35","guid":{"rendered":"https:\/\/www.radioluna.it\/news\/?p=436915"},"modified":"2026-09-01T18:38:35","modified_gmt":"2026-09-01T16:38:35","slug":"striscione-in-via-guido-rossa-libera-latina-volonta-di-riaffermare-un-potere-criminale","status":"publish","type":"post","link":"https:\/\/www.radioluna.it\/news\/2026\/09\/striscione-in-via-guido-rossa-libera-latina-volonta-di-riaffermare-un-potere-criminale\/","title":{"rendered":"Striscione in Via Guido Rossa, Libera Latina: &#8220;Volont\u00e0 di riaffermare un potere criminale&#8221;"},"content":{"rendered":"<div id=\"fb-root\"><\/div>\n<p style=\"text-align: justify;\">LATINA &#8211; &#8220;Lo striscione comparso in via Guido Rossa, con messaggi di sostegno a esponenti di un sodalizio criminale, \u00e8 un fatto grave che non pu\u00f2 essere derubricato a semplice provocazione. \u00c8 un segnale che merita attenzione, perch\u00e9 racconta la volont\u00e0 di riaffermare una presenza, un\u2019identit\u00e0 e un potere criminale&#8221;. Dal presidio di Libera Latina, la referente Annalisa Di Prospero commenta l&#8217;episodio avvenuto nella notte tra domenica e luned\u00ec nel difficile caseggiato popolare, sottolineando &#8220;come Libera troviamo particolarmente inquietante che un messaggio di questo tipo sia stato affisso davanti a una scuola: luoghi che devono rappresentare educazione, libert\u00e0 e futuro non possono diventare lo spazio per celebrare chi \u00e8 accusato di traffici di droga, violenza e<br \/>\nintimidazione&#8221;.<br \/>\nAnche dalla rete delle associazioni antimafia, arriva la fiducia nel &#8220;lavoro delle forze dell\u2019ordine e della magistratura affinch\u00e9 siano individuati i responsabili&#8221;:\u00a0 Allo stesso tempo &#8211; aggiunge Di Prospero &#8211; chiediamo alla comunit\u00e0 di Latina di non cedere alla paura e al silenzio. La criminalit\u00e0 organizzata si combatte anche impedendo che diventi cultura, consenso e modello. Latina non pu\u00f2 e non deve abituarsi alla presenza della criminalit\u00e0 sul proprio territorio&#8221;.<\/p>\n<div id=\"radio-1423835745\" class=\"radio-dopo-il-contenuto radio-entity-placement\"><a data-no-instant=\"1\" href=\"https:\/\/concessionari-suzuki.it\/bodema\/\" rel=\"noopener\" class=\"a2t-link\" aria-label=\"Bodema 1200&#215;600 banner Suzuki_AX\"><img loading=\"lazy\" decoding=\"async\" src=\"https:\/\/www.radioluna.it\/news\/wp-content\/uploads\/2025\/05\/Bodema-1200x600-banner-Suzuki_AX.jpg\" alt=\"\"  srcset=\"https:\/\/www.radioluna.it\/news\/wp-content\/uploads\/2025\/05\/Bodema-1200x600-banner-Suzuki_AX.jpg 1200w, https:\/\/www.radioluna.it\/news\/wp-content\/uploads\/2025\/05\/Bodema-1200x600-banner-Suzuki_AX-768x384.jpg 768w\" sizes=\"(max-width: 1200px) 100vw, 1200px\" width=\"800\" height=\"300\"   \/><\/a><\/div>","protected":false},"excerpt":{"rendered":"<p>LATINA &#8211; &#8220;Lo striscione comparso in via Guido Rossa, con messaggi di sostegno a esponenti di un sodalizio criminale, \u00e8 un fatto grave che non pu\u00f2 essere derubricato a semplice provocazione. \u00c8 un segnale che merita attenzione, perch\u00e9 racconta la volont\u00e0 di riaffermare una presenza, un\u2019identit\u00e0 e un potere criminale&#8221;. Dal presidio di Libera Latina, [&hellip;]<\/p>\n","protected":false},"author":62,"featured_media":354787,"comment_status":"closed","ping_status":"open","sticky":false,"template":"","format":"standard","meta":{"footnotes":"","jetpack_publicize_message":"","jetpack_publicize_feature_enabled":true,"jetpack_social_post_already_shared":true,"jetpack_social_options":{"image_generator_settings":{"template":"highway","default_image_id":0,"font":"","enabled":false},"version":2}},"categories":[7],"tags":[],"class_list":["post-436915","post","type-post","status-publish","format-standard","has-post-thumbnail","hentry","category-cronaca"],"jetpack_publicize_connections":[],"_links":{"self":[{"href":"https:\/\/www.radioluna.it\/news\/wp-json\/wp\/v2\/posts\/436915","targetHints":{"allow":["GET"]}}],"collection":[{"href":"https:\/\/www.radioluna.it\/news\/wp-json\/wp\/v2\/posts"}],"about":[{"href":"https:\/\/www.radioluna.it\/news\/wp-json\/wp\/v2\/types\/post"}],"author":[{"embeddable":true,"href":"https:\/\/www.radioluna.it\/news\/wp-json\/wp\/v2\/users\/62"}],"replies":[{"embeddable":true,"href":"https:\/\/www.radioluna.it\/news\/wp-json\/wp\/v2\/comments?post=436915"}],"version-history":[{"count":1,"href":"https:\/\/www.radioluna.it\/news\/wp-json\/wp\/v2\/posts\/436915\/revisions"}],"predecessor-version":[{"id":436916,"href":"https:\/\/www.radioluna.it\/news\/wp-json\/wp\/v2\/posts\/436915\/revisions\/436916"}],"wp:featuredmedia":[{"embeddable":true,"href":"https:\/\/www.radioluna.it\/news\/wp-json\/wp\/v2\/media\/354787"}],"wp:attachment":[{"href":"https:\/\/www.radioluna.it\/news\/wp-json\/wp\/v2\/media?parent=436915"}],"wp:term":[{"taxonomy":"category","embeddable":true,"href":"https:\/\/www.radioluna.it\/news\/wp-json\/wp\/v2\/categories?post=436915"},{"taxonomy":"post_tag","embeddable":true,"href":"https:\/\/www.radioluna.it\/news\/wp-json\/wp\/v2\/tags?post=436915"}],"curies":[{"name":"wp","href":"https:\/\/api.w.org\/{rel}","templated":true}]}}