{"id":436918,"date":"2026-09-01T19:42:02","date_gmt":"2026-09-01T17:42:02","guid":{"rendered":"https:\/\/www.radioluna.it\/news\/?p=436918"},"modified":"2026-09-01T19:42:02","modified_gmt":"2026-09-01T17:42:02","slug":"la-asl-di-latina-lancia-il-volontariato-nelle-case-di-comunita-primo-incontro-formativo-a-gaeta","status":"publish","type":"post","link":"https:\/\/www.radioluna.it\/news\/2026\/09\/la-asl-di-latina-lancia-il-volontariato-nelle-case-di-comunita-primo-incontro-formativo-a-gaeta\/","title":{"rendered":"La Asl di Latina lancia il volontariato nelle Case di Comunit\u00e0. Primo incontro formativo a Gaeta"},"content":{"rendered":"<div id=\"fb-root\"><\/div>\n<p style=\"text-align: justify;\">LATINA &#8211; Nel Programma Strategico della Asl di Latina c&#8217;\u00e8 l&#8217;integrazione del volontariato nelle Case di Comunit\u00e0 dove il volontariato non \u00e8 inteso come accessorio o sostitutivo dell&#8217;azione professionale, ma come presenza utile all&#8217;integrazione sociosanitaria, per la mediazione relazionale, l&#8217;orientamento ai servizi, il supporto alla comunit\u00e0 e il rafforzamento del capitale sociale territoriale. &#8220;La mission \u00e8 promuovere un nuovo e ancora pi\u00f9 efficace modello di cura e assistenza nei territori, promuovendo il ruolo del volontariato e del Terzo Settore nel supporto alle attivit\u00e0 territoriali, favorendo l&#8217;integrazione con i servizi sanitari e sociosanitari e contribuendo allo sviluppo di una rete di prossimit\u00e0 sempre pi\u00f9 rispondente ai bisogni della Comunit\u00e0&#8221;, spiegano dall&#8217;azienda.<\/p>\n<p style=\"text-align: justify;\">Firmato dalla Direttrice Generale della Asl Latina, Dott.ssa Sabrina Cenciarelli, e dalla Dott.ssa Assunta Lombardi, Direttrice del Dipartimento di Staff, il programma \u00e8 stato sviluppato in aderenza agli indirizzi regionali emersi dagli &#8220;Stati Generali della Salute&#8221; promossi dalla Regione Lazio e in coerenza con la riforma dell&#8217;assistenza territoriale del DM 77\/2022 e del Codice del Terzo Settore: Le progettualit\u00e0\u00a0 &#8211; spiegano le ideatrici in una nota &#8211; assumono come cornice di riferimento il modello delle Case di Comunit\u00e0 quale infrastruttura organizzativa della sanit\u00e0 territoriale, in coerenza con la logica della prossimit\u00e0, della presa in carico integrata, della multiprofessionalit\u00e0 e della partecipazione civica.<\/p>\n<p style=\"text-align: justify;\">&#8220;Con l&#8217;avvio di questo mirato Programma Strategico facciamo un ulteriore passo concreto e fondamentale verso la costruzione di una sanit\u00e0 territoriale sempre pi\u00f9 moderna, accessibile e vicina alle persone\u201d, ha sottolineato la Direttrice Generale della Asl Latina, Dott.ssa Sabrina Cenciarelli. \u201cLe Case di Comunit\u00e0 non sono soltanto strutture fisiche, ma veri e propri spazi di integrazione e comunit\u00e0. In questa visione, il volontariato ed il Terzo Settore rappresentano una risorsa insostituibile: sono l&#8217;infrastruttura relazionale in grado di contribuire ad umanizzare le cure, intercettare le fragilit\u00e0 e guidare i cittadini all&#8217;interno della rete dei servizi\u201d.<\/p>\n<p style=\"text-align: justify;\">A GAETA &#8211; Il primo atto del Programma Strategico \u00e8 l&#8217;avvio del percorso formativo, intitolato \u201cFondamenti del volontariato nelle Case di Comunit\u00e0\u201d, il 4 settembre alle ore 16:30 a Gaeta, nell&#8217;ex ospedale Di Liegro, in via Salita Cappuccini. Le richieste di iscrizione devono essere inviate tramite e-mail all&#8217;indirizzo formazione@ausl.latina.it indicando il nominativo del partecipante e l&#8217;associazione di appartenenza.<\/p>\n<p style=\"text-align: justify;\">\n<div id=\"radio-3997493800\" class=\"radio-dopo-il-contenuto radio-entity-placement\"><a data-no-instant=\"1\" href=\"https:\/\/concessionari-suzuki.it\/bodema\/\" rel=\"noopener\" class=\"a2t-link\" aria-label=\"Bodema 1200&#215;600 banner Suzuki_AX\"><img loading=\"lazy\" decoding=\"async\" src=\"https:\/\/www.radioluna.it\/news\/wp-content\/uploads\/2025\/05\/Bodema-1200x600-banner-Suzuki_AX.jpg\" alt=\"\"  srcset=\"https:\/\/www.radioluna.it\/news\/wp-content\/uploads\/2025\/05\/Bodema-1200x600-banner-Suzuki_AX.jpg 1200w, https:\/\/www.radioluna.it\/news\/wp-content\/uploads\/2025\/05\/Bodema-1200x600-banner-Suzuki_AX-768x384.jpg 768w\" sizes=\"(max-width: 1200px) 100vw, 1200px\" width=\"800\" height=\"300\"   \/><\/a><\/div>","protected":false},"excerpt":{"rendered":"<p>LATINA &#8211; Nel Programma Strategico della Asl di Latina c&#8217;\u00e8 l&#8217;integrazione del volontariato nelle Case di Comunit\u00e0 dove il volontariato non \u00e8 inteso come accessorio o sostitutivo dell&#8217;azione professionale, ma come presenza utile all&#8217;integrazione sociosanitaria, per la mediazione relazionale, l&#8217;orientamento ai servizi, il supporto alla comunit\u00e0 e il rafforzamento del capitale sociale territoriale. &#8220;La mission [&hellip;]<\/p>\n","protected":false},"author":62,"featured_media":436920,"comment_status":"closed","ping_status":"open","sticky":false,"template":"","format":"standard","meta":{"footnotes":"","jetpack_publicize_message":"","jetpack_publicize_feature_enabled":true,"jetpack_social_post_already_shared":true,"jetpack_social_options":{"image_generator_settings":{"template":"highway","default_image_id":0,"font":"","enabled":false},"version":2}},"categories":[2616],"tags":[],"class_list":["post-436918","post","type-post","status-publish","format-standard","has-post-thumbnail","hentry","category-sanita"],"jetpack_publicize_connections":[],"_links":{"self":[{"href":"https:\/\/www.radioluna.it\/news\/wp-json\/wp\/v2\/posts\/436918","targetHints":{"allow":["GET"]}}],"collection":[{"href":"https:\/\/www.radioluna.it\/news\/wp-json\/wp\/v2\/posts"}],"about":[{"href":"https:\/\/www.radioluna.it\/news\/wp-json\/wp\/v2\/types\/post"}],"author":[{"embeddable":true,"href":"https:\/\/www.radioluna.it\/news\/wp-json\/wp\/v2\/users\/62"}],"replies":[{"embeddable":true,"href":"https:\/\/www.radioluna.it\/news\/wp-json\/wp\/v2\/comments?post=436918"}],"version-history":[{"count":2,"href":"https:\/\/www.radioluna.it\/news\/wp-json\/wp\/v2\/posts\/436918\/revisions"}],"predecessor-version":[{"id":436922,"href":"https:\/\/www.radioluna.it\/news\/wp-json\/wp\/v2\/posts\/436918\/revisions\/436922"}],"wp:featuredmedia":[{"embeddable":true,"href":"https:\/\/www.radioluna.it\/news\/wp-json\/wp\/v2\/media\/436920"}],"wp:attachment":[{"href":"https:\/\/www.radioluna.it\/news\/wp-json\/wp\/v2\/media?parent=436918"}],"wp:term":[{"taxonomy":"category","embeddable":true,"href":"https:\/\/www.radioluna.it\/news\/wp-json\/wp\/v2\/categories?post=436918"},{"taxonomy":"post_tag","embeddable":true,"href":"https:\/\/www.radioluna.it\/news\/wp-json\/wp\/v2\/tags?post=436918"}],"curies":[{"name":"wp","href":"https:\/\/api.w.org\/{rel}","templated":true}]}}