{"id":436929,"date":"2026-09-02T08:08:53","date_gmt":"2026-09-02T06:08:53","guid":{"rendered":"https:\/\/www.radioluna.it\/news\/?p=436929"},"modified":"2026-09-02T08:08:53","modified_gmt":"2026-09-02T06:08:53","slug":"pontinia-sabato-torna-la-festa-dello-sport-36-associazioni-protagoniste","status":"publish","type":"post","link":"https:\/\/www.radioluna.it\/news\/2026\/09\/pontinia-sabato-torna-la-festa-dello-sport-36-associazioni-protagoniste\/","title":{"rendered":"Pontinia, sabato torna la \u201cFesta dello Sport\u201d: 36 associazioni protagoniste"},"content":{"rendered":"<div id=\"fb-root\"><\/div>\n<p class=\"isSelectedEnd\" style=\"text-align: justify;\"><strong>\u201cUna citt\u00e0, tante passioni, un unico spirito\u201d<\/strong> \u00e8 lo slogan scelto per la nuova edizione della \u201cFesta dello Sport\u201d, l\u2019appuntamento che sabato 5 settembre chiuder\u00e0 il programma dell\u2019estate pontiniana portando nel centro di Pontinia decine di associazioni e discipline sportive.<\/p>\n<p class=\"isSelectedEnd\" style=\"text-align: justify;\">La manifestazione, organizzata dal Comune di Pontinia e dalla Consulta dello Sport, si svolger\u00e0 in piazza Indipendenza e nelle strade limitrofe, con <strong>36 postazioni dedicate alle associazioni<\/strong> e diversi spazi destinati alle attivit\u00e0 sportive, tra cui tre campi da gioco e un ring per la kickboxing.<\/p>\n<p class=\"isSelectedEnd\" style=\"text-align: justify;\">Il programma prender\u00e0 il via alle <strong>17 allo stadio \u201cCaporuscio\u201d<\/strong>, dove \u00e8 previsto il raduno di tutti i partecipanti. Da l\u00ec partir\u00e0 la parata accompagnata dalla Banda \u201cDe Iulis\u201d, diretta verso il centro della citt\u00e0, fino al palco allestito nei pressi del Comune. Dopo l\u2019Inno di Mameli e i saluti istituzionali, prenderanno ufficialmente il via le attivit\u00e0, con interviste ai protagonisti della manifestazione.<\/p>\n<p class=\"isSelectedEnd\" style=\"text-align: justify;\">A partire dalle <strong>19.30 e fino a tarda sera<\/strong> spazio alle esibizioni e all\u2019intrattenimento musicale. Una lunga passerella attraverso le tante realt\u00e0 sportive del territorio, dal calcio al basket, dal ciclismo alle arti marziali, passando per danza, podistica, boxe, pattinaggio, pallamano, pole dance, scherma storica, pallavolo e atletica. Presenti anche il canottaggio e la canoa con il Centro Sportivo Remiero della Marina Militare di Sabaudia, oltre alle realt\u00e0 impegnate nella promozione dello <strong>sport inclusivo<\/strong>.<\/p>\n<p class=\"isSelectedEnd\" style=\"text-align: justify;\">La manifestazione \u00e8 stata organizzata con la supervisione del sindaco Eligio Tombolillo dall\u2019assessore allo Sport Simone Coco, che sottolinea la crescita dell\u2019evento e l\u2019aumento delle adesioni registrato nelle ultime edizioni. Per Coco, che considera questa edizione anche l\u2019ultimo appuntamento del proprio mandato, la Festa rappresenta ormai un format consolidato, frutto del lavoro portato avanti insieme alla Consulta dello Sport.<\/p>\n<p style=\"text-align: justify;\">Soddisfazione anche da parte della presidente della Consulta, Michela Zanutel, che ha evidenziato il valore della collaborazione tra Comune, uffici e associazioni. Particolare attenzione sar\u00e0 riservata, come nelle precedenti edizioni, agli atleti e alle realt\u00e0 che promuovono l\u2019inclusione attraverso lo sport.<\/p>\n<div id=\"radio-546949658\" class=\"radio-dopo-il-contenuto radio-entity-placement\"><a data-no-instant=\"1\" href=\"https:\/\/concessionari-suzuki.it\/bodema\/\" rel=\"noopener\" class=\"a2t-link\" aria-label=\"Bodema 1200&#215;600 banner Suzuki_AX\"><img loading=\"lazy\" decoding=\"async\" src=\"https:\/\/www.radioluna.it\/news\/wp-content\/uploads\/2025\/05\/Bodema-1200x600-banner-Suzuki_AX.jpg\" alt=\"\"  srcset=\"https:\/\/www.radioluna.it\/news\/wp-content\/uploads\/2025\/05\/Bodema-1200x600-banner-Suzuki_AX.jpg 1200w, https:\/\/www.radioluna.it\/news\/wp-content\/uploads\/2025\/05\/Bodema-1200x600-banner-Suzuki_AX-768x384.jpg 768w\" sizes=\"(max-width: 1200px) 100vw, 1200px\" width=\"800\" height=\"300\"   \/><\/a><\/div>","protected":false},"excerpt":{"rendered":"<p>\u201cUna citt\u00e0, tante passioni, un unico spirito\u201d \u00e8 lo slogan scelto per la nuova edizione della \u201cFesta dello Sport\u201d, l\u2019appuntamento che sabato 5 settembre chiuder\u00e0 il programma dell\u2019estate pontiniana portando nel centro di Pontinia decine di associazioni e discipline sportive. La manifestazione, organizzata dal Comune di Pontinia e dalla Consulta dello Sport, si svolger\u00e0 in [&hellip;]<\/p>\n","protected":false},"author":5443,"featured_media":436931,"comment_status":"closed","ping_status":"open","sticky":false,"template":"","format":"standard","meta":{"footnotes":"","jetpack_publicize_message":"","jetpack_publicize_feature_enabled":true,"jetpack_social_post_already_shared":true,"jetpack_social_options":{"image_generator_settings":{"template":"highway","default_image_id":0,"font":"","enabled":false},"version":2}},"categories":[16],"tags":[],"class_list":["post-436929","post","type-post","status-publish","format-standard","has-post-thumbnail","hentry","category-appuntamenti"],"jetpack_publicize_connections":[],"_links":{"self":[{"href":"https:\/\/www.radioluna.it\/news\/wp-json\/wp\/v2\/posts\/436929","targetHints":{"allow":["GET"]}}],"collection":[{"href":"https:\/\/www.radioluna.it\/news\/wp-json\/wp\/v2\/posts"}],"about":[{"href":"https:\/\/www.radioluna.it\/news\/wp-json\/wp\/v2\/types\/post"}],"author":[{"embeddable":true,"href":"https:\/\/www.radioluna.it\/news\/wp-json\/wp\/v2\/users\/5443"}],"replies":[{"embeddable":true,"href":"https:\/\/www.radioluna.it\/news\/wp-json\/wp\/v2\/comments?post=436929"}],"version-history":[{"count":1,"href":"https:\/\/www.radioluna.it\/news\/wp-json\/wp\/v2\/posts\/436929\/revisions"}],"predecessor-version":[{"id":436932,"href":"https:\/\/www.radioluna.it\/news\/wp-json\/wp\/v2\/posts\/436929\/revisions\/436932"}],"wp:featuredmedia":[{"embeddable":true,"href":"https:\/\/www.radioluna.it\/news\/wp-json\/wp\/v2\/media\/436931"}],"wp:attachment":[{"href":"https:\/\/www.radioluna.it\/news\/wp-json\/wp\/v2\/media?parent=436929"}],"wp:term":[{"taxonomy":"category","embeddable":true,"href":"https:\/\/www.radioluna.it\/news\/wp-json\/wp\/v2\/categories?post=436929"},{"taxonomy":"post_tag","embeddable":true,"href":"https:\/\/www.radioluna.it\/news\/wp-json\/wp\/v2\/tags?post=436929"}],"curies":[{"name":"wp","href":"https:\/\/api.w.org\/{rel}","templated":true}]}}