{"id":436940,"date":"2026-09-02T10:30:03","date_gmt":"2026-09-02T08:30:03","guid":{"rendered":"https:\/\/www.radioluna.it\/news\/?p=436940"},"modified":"2026-09-02T10:30:03","modified_gmt":"2026-09-02T08:30:03","slug":"latina-ambiente-e-isole-di-calore-il-comune-rivendica-gli-interventi-sul-verde-e-sulla-permeabilita-del-suolo","status":"publish","type":"post","link":"https:\/\/www.radioluna.it\/news\/2026\/09\/latina-ambiente-e-isole-di-calore-il-comune-rivendica-gli-interventi-sul-verde-e-sulla-permeabilita-del-suolo\/","title":{"rendered":"Latina, ambiente e isole di calore: il Comune rivendica gli interventi sul verde e sulla permeabilit\u00e0 del suolo"},"content":{"rendered":"<div id=\"fb-root\"><\/div>\n<p class=\"isSelectedEnd\" style=\"text-align: justify;\">L\u2019amministrazione comunale difende la propria strategia sulle politiche ambientali e sul contrasto alle isole di calore, rivendicando gli interventi realizzati negli ultimi mesi per ridurre la superficie asfaltata, aumentare la permeabilit\u00e0 del suolo e incrementare il patrimonio arboreo della citt\u00e0.<\/p>\n<p class=\"isSelectedEnd\" style=\"text-align: justify;\">A fare il punto \u00e8 il vicesindaco Massimiliano Carnevale, con delega ai Lavori pubblici, Manutenzioni, Fondi europei e Verde pubblico, intervenuto nel dibattito sulle politiche ambientali del Comune e sulle misure necessarie per affrontare il surriscaldamento urbano.<\/p>\n<p class=\"isSelectedEnd\" style=\"text-align: justify;\">Secondo i dati forniti dall\u2019amministrazione, nel Parco urbano Falcone e Borsellino sono stati rimossi 8.400 metri quadrati di asfalto e sono stati messi a dimora 250 nuovi alberi e arbusti. Altri interventi hanno riguardato viale Neghelli e il piazzale dei Mercanti, dove le opere di depavimentazione e la realizzazione di superfici permeabili hanno interessato complessivamente 10.525 metri quadrati di aree destinate a parcheggio.<\/p>\n<p class=\"isSelectedEnd\" style=\"text-align: justify;\">Nelle stesse zone sono state inoltre piantate 74 nuove alberature e realizzate vasche per la raccolta e il contenimento delle acque piovane, destinate all&#8217;irrigazione del verde. Nel complesso, afferma il Comune, dal dicembre 2024 ad oggi sono stati restituiti alla permeabilit\u00e0 31.214 metri quadrati di suolo, vale a dire oltre tre ettari.<\/p>\n<p class=\"isSelectedEnd\" style=\"text-align: justify;\">Sul fronte delle nuove piantumazioni, dall&#8217;inizio dell&#8217;amministrazione guidata da Matilde Celentano sarebbero state messe a dimora 2.150 nuove essenze arboree su tutto il territorio comunale, tra aceri, platani, lecci, querce, pioppi, salici e altri arbusti. L&#8217;amministrazione precisa inoltre che gli alberi che non dovessero attecchire saranno sostituiti dalle ditte incaricate, come previsto dai contratti.<\/p>\n<p class=\"isSelectedEnd\" style=\"text-align: justify;\">Il programma prevede anche ulteriori 98 nuove piantumazioni tra novembre e dicembre, nelle aree di Borgo Podgora, Borgo Piave, Borgo Sabotino, via Gramsci e via Zeppieri.<\/p>\n<p class=\"isSelectedEnd\" style=\"text-align: justify;\">\u00abGli effetti dei fenomeni estremi e del calore urbano si combattono con la programmazione e con opere strutturali\u00bb, sostiene il vicesindaco Carnevale, sottolineando come la strategia dell&#8217;amministrazione faccia leva anche sulle risorse europee. In particolare, vengono citati circa 20 milioni di euro di finanziamenti, tra cui fondi Fesr, destinati a interventi di sostenibilit\u00e0 e resilienza urbana.<\/p>\n<p class=\"isSelectedEnd\" style=\"text-align: justify;\">\u00abRidurre l&#8217;asfalto, aumentare la permeabilit\u00e0 del suolo e rafforzare il patrimonio arboreo non sono soltanto intenti programmatici, ma interventi operativi gi\u00e0 realizzati e in fase di completamento\u00bb, conclude Carnevale, rivendicando il lavoro svolto dall&#8217;amministrazione sul territorio.<\/p>\n<p style=\"text-align: justify;\">I dati diffusi dal Comune arrivano in un momento in cui il tema delle temperature elevate e delle cosiddette isole di calore urbane \u00e8 tornato al centro del dibattito cittadino, anche alla luce di un&#8217;estate caratterizzata da temperature particolarmente elevate e da prolungate ondate di calore.<\/p>\n<div id=\"radio-3035016021\" class=\"radio-dopo-il-contenuto radio-entity-placement\"><a data-no-instant=\"1\" href=\"https:\/\/concessionari-suzuki.it\/bodema\/\" rel=\"noopener\" class=\"a2t-link\" aria-label=\"Bodema 1200&#215;600 banner Suzuki_AX\"><img loading=\"lazy\" decoding=\"async\" src=\"https:\/\/www.radioluna.it\/news\/wp-content\/uploads\/2025\/05\/Bodema-1200x600-banner-Suzuki_AX.jpg\" alt=\"\"  srcset=\"https:\/\/www.radioluna.it\/news\/wp-content\/uploads\/2025\/05\/Bodema-1200x600-banner-Suzuki_AX.jpg 1200w, https:\/\/www.radioluna.it\/news\/wp-content\/uploads\/2025\/05\/Bodema-1200x600-banner-Suzuki_AX-768x384.jpg 768w\" sizes=\"(max-width: 1200px) 100vw, 1200px\" width=\"800\" height=\"300\"   \/><\/a><\/div>","protected":false},"excerpt":{"rendered":"<p>L\u2019amministrazione comunale difende la propria strategia sulle politiche ambientali e sul contrasto alle isole di calore, rivendicando gli interventi realizzati negli ultimi mesi per ridurre la superficie asfaltata, aumentare la permeabilit\u00e0 del suolo e incrementare il patrimonio arboreo della citt\u00e0. A fare il punto \u00e8 il vicesindaco Massimiliano Carnevale, con delega ai Lavori pubblici, Manutenzioni, [&hellip;]<\/p>\n","protected":false},"author":5443,"featured_media":436942,"comment_status":"closed","ping_status":"open","sticky":false,"template":"","format":"standard","meta":{"footnotes":"","jetpack_publicize_message":"","jetpack_publicize_feature_enabled":true,"jetpack_social_post_already_shared":true,"jetpack_social_options":{"image_generator_settings":{"template":"highway","default_image_id":0,"font":"","enabled":false},"version":2}},"categories":[735],"tags":[],"class_list":["post-436940","post","type-post","status-publish","format-standard","has-post-thumbnail","hentry","category-attualita"],"jetpack_publicize_connections":[],"_links":{"self":[{"href":"https:\/\/www.radioluna.it\/news\/wp-json\/wp\/v2\/posts\/436940","targetHints":{"allow":["GET"]}}],"collection":[{"href":"https:\/\/www.radioluna.it\/news\/wp-json\/wp\/v2\/posts"}],"about":[{"href":"https:\/\/www.radioluna.it\/news\/wp-json\/wp\/v2\/types\/post"}],"author":[{"embeddable":true,"href":"https:\/\/www.radioluna.it\/news\/wp-json\/wp\/v2\/users\/5443"}],"replies":[{"embeddable":true,"href":"https:\/\/www.radioluna.it\/news\/wp-json\/wp\/v2\/comments?post=436940"}],"version-history":[{"count":1,"href":"https:\/\/www.radioluna.it\/news\/wp-json\/wp\/v2\/posts\/436940\/revisions"}],"predecessor-version":[{"id":436943,"href":"https:\/\/www.radioluna.it\/news\/wp-json\/wp\/v2\/posts\/436940\/revisions\/436943"}],"wp:featuredmedia":[{"embeddable":true,"href":"https:\/\/www.radioluna.it\/news\/wp-json\/wp\/v2\/media\/436942"}],"wp:attachment":[{"href":"https:\/\/www.radioluna.it\/news\/wp-json\/wp\/v2\/media?parent=436940"}],"wp:term":[{"taxonomy":"category","embeddable":true,"href":"https:\/\/www.radioluna.it\/news\/wp-json\/wp\/v2\/categories?post=436940"},{"taxonomy":"post_tag","embeddable":true,"href":"https:\/\/www.radioluna.it\/news\/wp-json\/wp\/v2\/tags?post=436940"}],"curies":[{"name":"wp","href":"https:\/\/api.w.org\/{rel}","templated":true}]}}