{"id":436965,"date":"2026-09-02T15:46:39","date_gmt":"2026-09-02T13:46:39","guid":{"rendered":"https:\/\/www.radioluna.it\/news\/?p=436965"},"modified":"2026-09-02T15:57:51","modified_gmt":"2026-09-02T13:57:51","slug":"libri-nel-parco-doppio-incontro-a-sabaudia-massimo-montanile-e-nina-quarenghi","status":"publish","type":"post","link":"https:\/\/www.radioluna.it\/news\/2026\/09\/libri-nel-parco-doppio-incontro-a-sabaudia-massimo-montanile-e-nina-quarenghi\/","title":{"rendered":"Libri nel Parco, doppio incontro: a Sabaudia Massimo Montanile e Nina Quarenghi"},"content":{"rendered":"<div id=\"fb-root\"><\/div>\n<p style=\"text-align: justify;\"><strong>SABAUDIA<\/strong> &#8211; Dopo la pausa di agosto, torna la XII edizione di \u201cLibri nel Parco\u201d, la rassegna culturale ideata e organizzata dall\u2019Associazione Sabaudia Culturando APS, con due appuntamenti\u00a0 in programma venerd\u00ec 4 e sabato 5 settembre 2026. Alle 21, al Centro di Documentazione \u201cAngiolo Mazzoni\u201d di Sabaudia arrivano Massimo Montanile con il romanzo \u201cRadici e algoritmi. Memorie di un figlio del Sud\u201d, edito da Armando Editore e Nina Quarenghi, che presenter\u00e0 il romanzo \u201cAi confini del vento\u201d, edito da Mondadori.<\/p>\n<p style=\"text-align: justify;\">Il libro di Montanile ripercorre il viaggio umano, culturale e professionale di un ragazzo dell\u2019Irpinia attraverso cinquant\u2019anni di storia italiana, tra la forza delle origini e la spinta verso l\u2019innovazione. Dai paesi dell\u2019Appennino campano alla grande scuola Olivetti, dalle trasformazioni sociali degli anni Settanta alla rivoluzione digitale, il racconto intreccia biografia, memoria collettiva e riflessioni sull\u2019impatto dell\u2019intelligenza artificiale. Un percorso nel quale si incontrano identit\u00e0, territorio, industria, tecnologia e umanit\u00e0, mostrando come le radici possano diventare un vero e proprio \u201calgoritmo di senso\u201d, capace di orientare lo sguardo verso il futuro. A dialogare con l\u2019autore sar\u00e0 il professor Angelo Favaro.<img loading=\"lazy\" decoding=\"async\" class=\"wp-image-436968 alignright\" src=\"https:\/\/www.radioluna.it\/news\/wp-content\/uploads\/2026\/09\/4-SETTEMBRE.jpg\" alt=\"\" width=\"173\" height=\"217\" srcset=\"https:\/\/www.radioluna.it\/news\/wp-content\/uploads\/2026\/09\/4-SETTEMBRE.jpg 1080w, https:\/\/www.radioluna.it\/news\/wp-content\/uploads\/2026\/09\/4-SETTEMBRE-768x960.jpg 768w\" sizes=\"auto, (max-width: 173px) 100vw, 173px\" \/><\/p>\n<p style=\"text-align: justify;\"><img loading=\"lazy\" decoding=\"async\" class=\"wp-image-436966 alignleft\" src=\"https:\/\/www.radioluna.it\/news\/wp-content\/uploads\/2026\/09\/5-settembre.jpg\" alt=\"\" width=\"211\" height=\"263\" srcset=\"https:\/\/www.radioluna.it\/news\/wp-content\/uploads\/2026\/09\/5-settembre.jpg 1080w, https:\/\/www.radioluna.it\/news\/wp-content\/uploads\/2026\/09\/5-settembre-768x960.jpg 768w\" sizes=\"auto, (max-width: 211px) 100vw, 211px\" \/>Mentre Quarenghi, al suo sesto romanzo, si \u00e8 dedicata alla storia di Ines, una donna che, dopo l\u2019arresto, viene condotta al confino sull\u2019isola di Ponza. In un luogo segnato da privazioni, lontananza dagli affetti e rigide restrizioni, l\u2019incontro con le altre donne confinate d\u00e0 vita a una forte rete di solidariet\u00e0. Cos\u00ec, l&#8217;autrice racconta la Resistenza anche nella sua dimensione pi\u00f9 quotidiana, fatta di amicizia, coraggio e difesa dei propri ideali. A dialogare con l\u2019autrice sar\u00e0 il giornalista Vittorio Buongiorno.<\/p>\n<p style=\"text-align: justify;\">La XII edizione di \u201cLibri nel Parco\u201d \u00e8 ideata e organizzata dall\u2019Associazione Sabaudia Culturando APS, in collaborazione con la socia onoraria Licia Pastore, con il patrocinio della Provincia di Latina, il patrocinio e il sostegno della Citt\u00e0 di Sabaudia e il sostegno della BCC del Circeo e Privernate.<\/p>\n<div id=\"radio-3498451432\" class=\"radio-dopo-il-contenuto radio-entity-placement\"><a data-no-instant=\"1\" href=\"https:\/\/concessionari-suzuki.it\/bodema\/\" rel=\"noopener\" class=\"a2t-link\" aria-label=\"Bodema 1200&#215;600 banner Suzuki_AX\"><img loading=\"lazy\" decoding=\"async\" src=\"https:\/\/www.radioluna.it\/news\/wp-content\/uploads\/2025\/05\/Bodema-1200x600-banner-Suzuki_AX.jpg\" alt=\"\"  srcset=\"https:\/\/www.radioluna.it\/news\/wp-content\/uploads\/2025\/05\/Bodema-1200x600-banner-Suzuki_AX.jpg 1200w, https:\/\/www.radioluna.it\/news\/wp-content\/uploads\/2025\/05\/Bodema-1200x600-banner-Suzuki_AX-768x384.jpg 768w\" sizes=\"(max-width: 1200px) 100vw, 1200px\" width=\"800\" height=\"300\"   \/><\/a><\/div>","protected":false},"excerpt":{"rendered":"<p>SABAUDIA &#8211; Dopo la pausa di agosto, torna la XII edizione di \u201cLibri nel Parco\u201d, la rassegna culturale ideata e organizzata dall\u2019Associazione Sabaudia Culturando APS, con due appuntamenti\u00a0 in programma venerd\u00ec 4 e sabato 5 settembre 2026. Alle 21, al Centro di Documentazione \u201cAngiolo Mazzoni\u201d di Sabaudia arrivano Massimo Montanile con il romanzo \u201cRadici e [&hellip;]<\/p>\n","protected":false},"author":60,"featured_media":436966,"comment_status":"closed","ping_status":"open","sticky":false,"template":"","format":"standard","meta":{"footnotes":"","jetpack_publicize_message":"","jetpack_publicize_feature_enabled":true,"jetpack_social_post_already_shared":true,"jetpack_social_options":{"image_generator_settings":{"template":"highway","default_image_id":0,"font":"","enabled":false},"version":2}},"categories":[16,2424],"tags":[],"class_list":["post-436965","post","type-post","status-publish","format-standard","has-post-thumbnail","hentry","category-appuntamenti","category-i-nostri-libri"],"jetpack_publicize_connections":[],"_links":{"self":[{"href":"https:\/\/www.radioluna.it\/news\/wp-json\/wp\/v2\/posts\/436965","targetHints":{"allow":["GET"]}}],"collection":[{"href":"https:\/\/www.radioluna.it\/news\/wp-json\/wp\/v2\/posts"}],"about":[{"href":"https:\/\/www.radioluna.it\/news\/wp-json\/wp\/v2\/types\/post"}],"author":[{"embeddable":true,"href":"https:\/\/www.radioluna.it\/news\/wp-json\/wp\/v2\/users\/60"}],"replies":[{"embeddable":true,"href":"https:\/\/www.radioluna.it\/news\/wp-json\/wp\/v2\/comments?post=436965"}],"version-history":[{"count":2,"href":"https:\/\/www.radioluna.it\/news\/wp-json\/wp\/v2\/posts\/436965\/revisions"}],"predecessor-version":[{"id":436969,"href":"https:\/\/www.radioluna.it\/news\/wp-json\/wp\/v2\/posts\/436965\/revisions\/436969"}],"wp:featuredmedia":[{"embeddable":true,"href":"https:\/\/www.radioluna.it\/news\/wp-json\/wp\/v2\/media\/436966"}],"wp:attachment":[{"href":"https:\/\/www.radioluna.it\/news\/wp-json\/wp\/v2\/media?parent=436965"}],"wp:term":[{"taxonomy":"category","embeddable":true,"href":"https:\/\/www.radioluna.it\/news\/wp-json\/wp\/v2\/categories?post=436965"},{"taxonomy":"post_tag","embeddable":true,"href":"https:\/\/www.radioluna.it\/news\/wp-json\/wp\/v2\/tags?post=436965"}],"curies":[{"name":"wp","href":"https:\/\/api.w.org\/{rel}","templated":true}]}}