{"id":436970,"date":"2026-09-02T16:18:03","date_gmt":"2026-09-02T14:18:03","guid":{"rendered":"https:\/\/www.radioluna.it\/news\/?p=436970"},"modified":"2026-09-02T16:18:03","modified_gmt":"2026-09-02T14:18:03","slug":"rigenerazione-dellex-mercato-annonario-di-latina-pronto-lavviso-pubblico-per-raccogliere-le-proposte","status":"publish","type":"post","link":"https:\/\/www.radioluna.it\/news\/2026\/09\/rigenerazione-dellex-mercato-annonario-di-latina-pronto-lavviso-pubblico-per-raccogliere-le-proposte\/","title":{"rendered":"Rigenerazione dell&#8217;ex mercato annonario di Latina, pronto l&#8217;Avviso Pubblico per raccogliere le proposte"},"content":{"rendered":"<div id=\"fb-root\"><\/div>\n<p style=\"text-align: justify;\"><strong>LATINA &#8211;<\/strong> Prosegue l\u2019iter per la riqualificazione del vecchio Mercato Annonario di Latina in \u00a0via don Morosini. Con l\u2019approvazione (da parte della responsabile del dipartimento Lavori Pubblici, ingegnere Angelica Vagnozzi) dello schema di avviso pubblico volto a sollecitare la presentazione di proposte di Partenariato pubblico-privato in finanza di progetto, gli operatori eventualmente interessati hanno 90 giorni di tempo per presentare progetti di fattibilit\u00e0 tecnico-economica in concorrenza con una proposta spontanea ad iniziativa privata gi\u00e0 pervenuta all&#8217;Ente.\u00a0\u00a0\u201cLa riqualificazione del Mercato Annonario \u2013 sottolinea la sindaca Matilde Celentano &#8211; rappresenta un tassello cruciale per il rilancio del nostro centro cittadino. Vogliamo restituire alla comunit\u00e0 un luogo moderno, sostenibile e propulsore della cultura del cibo, dell&#8217;alimentazione sana e delle eccellenze enogastronomiche del territorio\u201d<\/p>\n<p style=\"text-align: justify;\">\u201cL&#8217;obiettivo dell&#8217;Amministrazione \u00a0&#8211; prosegue &#8211; \u00e8 quello di selezionare l&#8217;idea progettuale pi\u00f9 elevata sul piano della qualit\u00e0, dell&#8217;innovazione e del valore sociale affinch\u00e9 il cuore di Latina torni a battere con nuova energia commerciale e culturale. L\u2019intervento sul Mercato Annonario, come previsto dal Documento unico di programmazione, e la valorizzazione dello stesso sia funzionale che strutturale ed architettonico sar\u00e0 alla base della grande sfida della riqualificazione del centro storico gi\u00e0 avviata attraverso nuove funzioni assegnate ad alcuni immobili di Fondazione, dall\u2019ex Banca d\u2019Italia all\u2019ex Teti e all\u2019ex Garage Ruspi\u201d.<\/p>\n<p style=\"text-align: justify;\">La procedura di valutazione si svolger\u00e0 in forma comparativa senza l&#8217;applicazione del diritto di prelazione per il primo proponente, \u201cgarantendo \u00a0&#8211; si legge in una nota dell\u2019Ente &#8211; un&#8217;effettiva ed equa competizione ad armi pari tra tutti i proponenti\u201d.<\/p>\n<p style=\"text-align: justify;\">\u00a0&#8220;L&#8217;adozione dello schema di avviso da parte della direzione Lavori Pubblici \u2013 ha sottolineato il vicesindaco Massimiliano Carnevale, con delega ai Lavori pubblici &#8211; concretizza l&#8217;indirizzo politico-amministrativo espresso dalla Giunta. L&#8217;intervento consentir\u00e0 di ristrutturare integralmente l&#8217;immobile senza alcun onere o rischio finanziario a carico del Comune, mentre la valutazione comparativa premier\u00e0 le soluzioni tecnologiche a minor impatto ambientale, i migliori standard manutentivi, la tutela occupazionale e la valorizzazione delle produzioni locali\u201d.<\/p>\n<p style=\"text-align: justify;\">\u00a0Tra le caratteristiche che saranno preferite nelle proposte di project financing che perverranno entro i termini stabiliti le soluzioni \u201cche comportino il minor consumo di suolo, la massima efficienza energetica e il minimo impatto ambientale\u201d, \u201cla creazione di spazi per la promozione dell&#8217;artigianato locale e dell&#8217;enogastronomia della provincia di Latina e della Regione Lazio, organizzazione di eventi formativi e culturali sulla sana alimentazione\u201d.<\/p>\n<div id=\"radio-3774905861\" class=\"radio-dopo-il-contenuto radio-entity-placement\"><a data-no-instant=\"1\" href=\"https:\/\/concessionari-suzuki.it\/bodema\/\" rel=\"noopener\" class=\"a2t-link\" aria-label=\"Bodema 1200&#215;600 banner Suzuki_AX\"><img loading=\"lazy\" decoding=\"async\" src=\"https:\/\/www.radioluna.it\/news\/wp-content\/uploads\/2025\/05\/Bodema-1200x600-banner-Suzuki_AX.jpg\" alt=\"\"  srcset=\"https:\/\/www.radioluna.it\/news\/wp-content\/uploads\/2025\/05\/Bodema-1200x600-banner-Suzuki_AX.jpg 1200w, https:\/\/www.radioluna.it\/news\/wp-content\/uploads\/2025\/05\/Bodema-1200x600-banner-Suzuki_AX-768x384.jpg 768w\" sizes=\"(max-width: 1200px) 100vw, 1200px\" width=\"800\" height=\"300\"   \/><\/a><\/div>","protected":false},"excerpt":{"rendered":"<p>LATINA &#8211; Prosegue l\u2019iter per la riqualificazione del vecchio Mercato Annonario di Latina in \u00a0via don Morosini. Con l\u2019approvazione (da parte della responsabile del dipartimento Lavori Pubblici, ingegnere Angelica Vagnozzi) dello schema di avviso pubblico volto a sollecitare la presentazione di proposte di Partenariato pubblico-privato in finanza di progetto, gli operatori eventualmente interessati hanno 90 [&hellip;]<\/p>\n","protected":false},"author":62,"featured_media":377541,"comment_status":"closed","ping_status":"open","sticky":false,"template":"","format":"standard","meta":{"footnotes":"","jetpack_publicize_message":"","jetpack_publicize_feature_enabled":true,"jetpack_social_post_already_shared":true,"jetpack_social_options":{"image_generator_settings":{"template":"highway","default_image_id":0,"font":"","enabled":false},"version":2}},"categories":[735,8],"tags":[],"class_list":["post-436970","post","type-post","status-publish","format-standard","has-post-thumbnail","hentry","category-attualita","category-politica"],"jetpack_publicize_connections":[],"_links":{"self":[{"href":"https:\/\/www.radioluna.it\/news\/wp-json\/wp\/v2\/posts\/436970","targetHints":{"allow":["GET"]}}],"collection":[{"href":"https:\/\/www.radioluna.it\/news\/wp-json\/wp\/v2\/posts"}],"about":[{"href":"https:\/\/www.radioluna.it\/news\/wp-json\/wp\/v2\/types\/post"}],"author":[{"embeddable":true,"href":"https:\/\/www.radioluna.it\/news\/wp-json\/wp\/v2\/users\/62"}],"replies":[{"embeddable":true,"href":"https:\/\/www.radioluna.it\/news\/wp-json\/wp\/v2\/comments?post=436970"}],"version-history":[{"count":1,"href":"https:\/\/www.radioluna.it\/news\/wp-json\/wp\/v2\/posts\/436970\/revisions"}],"predecessor-version":[{"id":436971,"href":"https:\/\/www.radioluna.it\/news\/wp-json\/wp\/v2\/posts\/436970\/revisions\/436971"}],"wp:featuredmedia":[{"embeddable":true,"href":"https:\/\/www.radioluna.it\/news\/wp-json\/wp\/v2\/media\/377541"}],"wp:attachment":[{"href":"https:\/\/www.radioluna.it\/news\/wp-json\/wp\/v2\/media?parent=436970"}],"wp:term":[{"taxonomy":"category","embeddable":true,"href":"https:\/\/www.radioluna.it\/news\/wp-json\/wp\/v2\/categories?post=436970"},{"taxonomy":"post_tag","embeddable":true,"href":"https:\/\/www.radioluna.it\/news\/wp-json\/wp\/v2\/tags?post=436970"}],"curies":[{"name":"wp","href":"https:\/\/api.w.org\/{rel}","templated":true}]}}