{"id":436994,"date":"2026-09-02T19:02:15","date_gmt":"2026-09-02T17:02:15","guid":{"rendered":"https:\/\/www.radioluna.it\/news\/?p=436994"},"modified":"2026-09-02T19:03:31","modified_gmt":"2026-09-02T17:03:31","slug":"incendio-a-norma-completata-la-bonifica-il-sindaco-termina-un-incubo-ripartiamo-da-chi-ha-a-cuore-questo-paese","status":"publish","type":"post","link":"https:\/\/www.radioluna.it\/news\/2026\/09\/incendio-a-norma-completata-la-bonifica-il-sindaco-termina-un-incubo-ripartiamo-da-chi-ha-a-cuore-questo-paese\/","title":{"rendered":"Incendio a Norma, completata la bonifica, il sindaco: &#8220;Termina un incubo, ripartiamo da chi ha a cuore questo paese&#8221;"},"content":{"rendered":"<div id=\"fb-root\"><\/div>\n<p style=\"text-align: justify;\">NORMA &#8211; E&#8217; un paesaggio desolante quello offerto da Norma dopo l&#8217;incendio dell&#8217;altra notte che ha impegnato vigili del fuoco, protezione civile e mezzi aerei che hanno poi lavorato per 40 ore circa ininterrottamete. Oggi si sono concluse le operazioni di bonifica.<br \/>\n&#8220;Possiamo finalmente dire che termina un incubo che ci ha tenuti impegnati per tre giorni e che, purtroppo, lascia un danno enorme al nostro patrimonio boschivo &#8211; commenta in un lungo post il sindaco Andrea dell&#8217;Omo che ha seguito anche di notte da vicino le operazioni\u00a0 &#8211; . \u00c8 un incendio che si aggiunge a quelli che, nelle scorse settimane e anche in questi giorni, hanno interessato diversi comuni del nostro territorio e che ci obbliga ancora una volta a confrontarci con quanto sia fragile il patrimonio ambientale che abbiamo il dovere di proteggere&#8221;.<br \/>\nDell&#8217;Omo si sofferma anche sulle possibili cause: &#8220;Un&#8217;autocombustione non pu\u00f2 spiegare un incendio che si sviluppa in piena notte, in un&#8217;area archeologica chiusa ai mezzi e in un punto non raggiungibile se non a piedi. Sono elementi sui quali \u00e8 giusto riflettere. Chi ha le competenze sta facendo le proprie valutazioni e le proprie verifiche e sar\u00e0 il lavoro degli organi preposti a stabilire cosa sia accaduto. Noi dobbiamo avere fiducia in questo lavoro e lasciare che siano i fatti, e non le supposizioni, a parlare. Ma quello che rimane di questi tre giorni non \u00e8 soltanto l&#8217;odore del fumo sulla nostra pelle, che purtroppo non andr\u00e0 via velocemente. Rimangono soprattutto le persone. Rimangono i vigili del fuoco e quei volontari che hanno trascorso ore sul fronte dell&#8217;incendio, rimangono le tante persone che in modi diversi hanno dato il proprio contributo, anche semplicemente condividendo una bottiglietta d&#8217;acqua. Rimangono i colleghi sindaci che ci hanno chiamato per sapere come stavamo e se avevamo bisogno di qualcosa, tutte le persone impegnate nella valorizzazione del Parco Archeologico che da subito hanno dato la loro disponibilit\u00e0 per un ritorno alla normalit\u00e0. E credo che sia proprio questo l&#8217;aspetto pi\u00f9 importante da cui ripartire.<br \/>\nIl nostro compito\u00a0 &#8211; conclude &#8211; \u00e8 proteggere Norma, il suo patrimonio ambientale, il suo bosco, la sua storia. E per farlo dobbiamo continuare a lavorare, insieme a tutte quelle persone che in questi giorni hanno dimostrato, con i fatti e non con le parole, di avere davvero a cuore questo paese. Ripartiamo da loro. Ripartiamo dalle persone&#8221;.<\/p>\n<div id=\"radio-3581444537\" class=\"radio-dopo-il-contenuto radio-entity-placement\"><a data-no-instant=\"1\" href=\"https:\/\/concessionari-suzuki.it\/bodema\/\" rel=\"noopener\" class=\"a2t-link\" aria-label=\"Bodema 1200&#215;600 banner Suzuki_AX\"><img loading=\"lazy\" decoding=\"async\" src=\"https:\/\/www.radioluna.it\/news\/wp-content\/uploads\/2025\/05\/Bodema-1200x600-banner-Suzuki_AX.jpg\" alt=\"\"  srcset=\"https:\/\/www.radioluna.it\/news\/wp-content\/uploads\/2025\/05\/Bodema-1200x600-banner-Suzuki_AX.jpg 1200w, https:\/\/www.radioluna.it\/news\/wp-content\/uploads\/2025\/05\/Bodema-1200x600-banner-Suzuki_AX-768x384.jpg 768w\" sizes=\"(max-width: 1200px) 100vw, 1200px\" width=\"800\" height=\"300\"   \/><\/a><\/div>","protected":false},"excerpt":{"rendered":"<p>NORMA &#8211; E&#8217; un paesaggio desolante quello offerto da Norma dopo l&#8217;incendio dell&#8217;altra notte che ha impegnato vigili del fuoco, protezione civile e mezzi aerei che hanno poi lavorato per 40 ore circa ininterrottamete. Oggi si sono concluse le operazioni di bonifica. &#8220;Possiamo finalmente dire che termina un incubo che ci ha tenuti impegnati per [&hellip;]<\/p>\n","protected":false},"author":62,"featured_media":436995,"comment_status":"closed","ping_status":"open","sticky":false,"template":"","format":"standard","meta":{"footnotes":"","jetpack_publicize_message":"","jetpack_publicize_feature_enabled":true,"jetpack_social_post_already_shared":true,"jetpack_social_options":{"image_generator_settings":{"template":"highway","default_image_id":0,"font":"","enabled":false},"version":2}},"categories":[7,2256,2428],"tags":[5738],"class_list":["post-436994","post","type-post","status-publish","format-standard","has-post-thumbnail","hentry","category-cronaca","category-prima-pagina","category-primo-piano","tag-in-primo-piano"],"jetpack_publicize_connections":[],"_links":{"self":[{"href":"https:\/\/www.radioluna.it\/news\/wp-json\/wp\/v2\/posts\/436994","targetHints":{"allow":["GET"]}}],"collection":[{"href":"https:\/\/www.radioluna.it\/news\/wp-json\/wp\/v2\/posts"}],"about":[{"href":"https:\/\/www.radioluna.it\/news\/wp-json\/wp\/v2\/types\/post"}],"author":[{"embeddable":true,"href":"https:\/\/www.radioluna.it\/news\/wp-json\/wp\/v2\/users\/62"}],"replies":[{"embeddable":true,"href":"https:\/\/www.radioluna.it\/news\/wp-json\/wp\/v2\/comments?post=436994"}],"version-history":[{"count":1,"href":"https:\/\/www.radioluna.it\/news\/wp-json\/wp\/v2\/posts\/436994\/revisions"}],"predecessor-version":[{"id":436997,"href":"https:\/\/www.radioluna.it\/news\/wp-json\/wp\/v2\/posts\/436994\/revisions\/436997"}],"wp:featuredmedia":[{"embeddable":true,"href":"https:\/\/www.radioluna.it\/news\/wp-json\/wp\/v2\/media\/436995"}],"wp:attachment":[{"href":"https:\/\/www.radioluna.it\/news\/wp-json\/wp\/v2\/media?parent=436994"}],"wp:term":[{"taxonomy":"category","embeddable":true,"href":"https:\/\/www.radioluna.it\/news\/wp-json\/wp\/v2\/categories?post=436994"},{"taxonomy":"post_tag","embeddable":true,"href":"https:\/\/www.radioluna.it\/news\/wp-json\/wp\/v2\/tags?post=436994"}],"curies":[{"name":"wp","href":"https:\/\/api.w.org\/{rel}","templated":true}]}}