{"id":437012,"date":"2026-09-03T09:42:44","date_gmt":"2026-09-03T07:42:44","guid":{"rendered":"https:\/\/www.radioluna.it\/news\/?p=437012"},"modified":"2026-09-03T09:42:44","modified_gmt":"2026-09-03T07:42:44","slug":"pontinia-la-nuova-stagione-del-teatro-fellini-spettacoli-formazione-e-iniziative-per-tutta-la-comunita","status":"publish","type":"post","link":"https:\/\/www.radioluna.it\/news\/2026\/09\/pontinia-la-nuova-stagione-del-teatro-fellini-spettacoli-formazione-e-iniziative-per-tutta-la-comunita\/","title":{"rendered":"Pontinia, la nuova stagione del Teatro Fellini: spettacoli, formazione e iniziative per tutta la comunit\u00e0"},"content":{"rendered":"<div id=\"fb-root\"><\/div>\n<p class=\"isSelectedEnd\" style=\"text-align: justify;\">Una stagione pensata non soltanto per portare spettacoli sul palcoscenico, ma per trasformare il Teatro Fellini in un luogo di cultura e partecipazione da vivere durante tutto l\u2019anno. \u00c8 questo l\u2019obiettivo della programmazione 2026\/2027 presentata a Pontinia dal sindaco Eligio Tombolillo, dall\u2019assessore alla Cultura Maria Rita D\u2019Alessio, dal direttore artistico Pierluigi Polisena e dal presidente dell\u2019Associazione Culturale La Macchia e direttore tecnico Gianluca Panecaldo.<\/p>\n<p class=\"isSelectedEnd\" style=\"text-align: justify;\">Per il secondo anno consecutivo la gestione organizzativa \u00e8 affidata alla Cooperativa Sociale Spazio Comune, in collaborazione con l\u2019Associazione Culturale La Macchia. Il progetto affianca al tradizionale cartellone teatrale una serie di attivit\u00e0 formative, appuntamenti per bambini e famiglie, eventi stagionali e collaborazioni con le associazioni del territorio.<\/p>\n<p class=\"isSelectedEnd\" style=\"text-align: justify;\">\u00abIl Fellini \u00e8 un patrimonio della nostra citt\u00e0 e un luogo di cultura e partecipazione\u00bb, ha sottolineato il sindaco Eligio Tombolillo, evidenziando la volont\u00e0 dell\u2019Amministrazione di sostenere un progetto capace di rafforzare il rapporto tra teatro, territorio e comunit\u00e0. Sulla stessa linea l\u2019assessore alla Cultura Maria Rita D\u2019Alessio, secondo cui la nuova stagione punta a coniugare qualit\u00e0 dell\u2019offerta e maggiore coinvolgimento dei cittadini.<\/p>\n<p class=\"isSelectedEnd\" style=\"text-align: justify;\">Tra le novit\u00e0 e le conferme pi\u00f9 importanti c\u2019\u00e8 la Teatro Fellini Academy, con corsi di musica e recitazione rivolti sia agli adulti sia ai bambini, insieme alla nascita della Compagnia Teatrale Teatro Fellini. Il programma prevede inoltre campus, podcast dedicati alla cultura e alla vita del teatro, eventi legati alle diverse stagioni dell\u2019anno e nuove collaborazioni con realt\u00e0 associative locali.<\/p>\n<p class=\"isSelectedEnd\" style=\"text-align: justify;\">Il cartellone teatrale prender\u00e0 ufficialmente il via il 18 ottobre con Matteo Cirillo e \u201cCe l\u2019ho, ce l\u2019ho, mi manca\u201d, spettacolo ambientato nel mondo delle edicole italiane e dei \u201cgiornalai\u201d, tra memoria, figurine, giornali e grandi avvenimenti che hanno accompagnato generazioni di italiani.<\/p>\n<p class=\"isSelectedEnd\" style=\"text-align: justify;\">Tra gli appuntamenti della stagione anche \u201cMi hanno rimasto solo\u201d di Michele La Ginestra, in programma il 5 dicembre, e \u201cEr berretto coi sonarelli\u201d, adattamento in romanesco de \u201cIl berretto a sonagli\u201d di Luigi Pirandello, atteso il 31 gennaio. Il 14 novembre sar\u00e0 invece la volta di \u201cGenitori vs Figli\u201d di Antonio Pisu, mentre il 22 novembre Alessandro Blasioli porter\u00e0 in scena \u201cSciaboletta, la fuga del Re\u201d, dedicato alla fuga di Vittorio Emanuele III dopo l\u20198 settembre 1943.<\/p>\n<p class=\"isSelectedEnd\" style=\"text-align: justify;\">A marzo spazio a \u201cLa moglie perfetta\u201d di Giulia Trippetta, il 7, e a \u201cDante. L\u2019uomo dietro il poeta\u201d di Marco Arbau, il 20 marzo. Ad aprile, il 4, arriver\u00e0 \u201cMa che bell\u2019Ikea\u201d di Gianni Clementi.<\/p>\n<p class=\"isSelectedEnd\" style=\"text-align: justify;\">Non mancheranno gli appuntamenti dedicati alle famiglie e alle diverse fasce d\u2019et\u00e0. Dal 10 al 16 ottobre \u00e8 in programma il Teen Dance Festival, mentre il 31 ottobre e il primo novembre il teatro ospiter\u00e0 iniziative per Halloween. A febbraio sar\u00e0 invece protagonista il Carnevale, con attivit\u00e0 pensate per il pubblico pi\u00f9 giovane.<\/p>\n<p class=\"isSelectedEnd\" style=\"text-align: justify;\">La programmazione comprende anche una serie di produzioni e saggi legati alle attivit\u00e0 formative. A dicembre \u00e8 previsto lo Spettacolo di Natale prodotto dal Teatro Fellini, mentre nella parte finale della stagione aumenteranno gli appuntamenti dedicati alla formazione, con gli spettacoli della TF Academy Senior, le attivit\u00e0 della TF Academy e i saggi di recitazione e musica di Spazio33.<\/p>\n<p class=\"isSelectedEnd\" style=\"text-align: justify;\">\u00abLa nuova stagione nasce con l\u2019obiettivo di rendere il Teatro Fellini sempre pi\u00f9 parte della vita della citt\u00e0\u00bb, ha spiegato il direttore artistico Pierluigi Polisena. Un\u2019impostazione condivisa anche da Gianluca Panecaldo, che ha sottolineato il ruolo delle attivit\u00e0 collaterali e delle collaborazioni con le realt\u00e0 locali.<\/p>\n<p class=\"isSelectedEnd\" style=\"text-align: justify;\">Sul palco e nella programmazione della nuova stagione ci saranno anche artisti particolarmente legati al teatro pontino, tra cui Martufello e Michele La Ginestra, quest\u2019ultimo intervenuto alla presentazione con un videomessaggio.<\/p>\n<p>Il direttore artistico Polisena:<\/p>\n<audio class=\"wp-audio-shortcode\" id=\"audio-437012-1\" preload=\"none\" style=\"width: 100%;\" controls=\"controls\"><source type=\"audio\/mpeg\" src=\"https:\/\/www.radioluna.it\/news\/wp-content\/uploads\/2026\/09\/Pierluigi-Polisena-1.mp3?_=1\" \/><a href=\"https:\/\/www.radioluna.it\/news\/wp-content\/uploads\/2026\/09\/Pierluigi-Polisena-1.mp3\">https:\/\/www.radioluna.it\/news\/wp-content\/uploads\/2026\/09\/Pierluigi-Polisena-1.mp3<\/a><\/audio>\n<p style=\"text-align: justify;\">Il programma 2026\/2027 punta dunque a tenere insieme spettacolo, formazione e partecipazione, con l\u2019ambizione di fare del Fellini non soltanto un luogo in cui assistere agli spettacoli, ma un vero presidio culturale per Pontinia, aperto a diverse generazioni e alle realt\u00e0 del territorio.<\/p>\n<div id=\"radio-3030067647\" class=\"radio-dopo-il-contenuto radio-entity-placement\"><a data-no-instant=\"1\" href=\"https:\/\/concessionari-suzuki.it\/bodema\/\" rel=\"noopener\" class=\"a2t-link\" aria-label=\"Bodema 1200&#215;600 banner Suzuki_AX\"><img loading=\"lazy\" decoding=\"async\" src=\"https:\/\/www.radioluna.it\/news\/wp-content\/uploads\/2025\/05\/Bodema-1200x600-banner-Suzuki_AX.jpg\" alt=\"\"  srcset=\"https:\/\/www.radioluna.it\/news\/wp-content\/uploads\/2025\/05\/Bodema-1200x600-banner-Suzuki_AX.jpg 1200w, https:\/\/www.radioluna.it\/news\/wp-content\/uploads\/2025\/05\/Bodema-1200x600-banner-Suzuki_AX-768x384.jpg 768w\" sizes=\"(max-width: 1200px) 100vw, 1200px\" width=\"800\" height=\"300\"   \/><\/a><\/div>","protected":false},"excerpt":{"rendered":"<p>Una stagione pensata non soltanto per portare spettacoli sul palcoscenico, ma per trasformare il Teatro Fellini in un luogo di cultura e partecipazione da vivere durante tutto l\u2019anno. \u00c8 questo l\u2019obiettivo della programmazione 2026\/2027 presentata a Pontinia dal sindaco Eligio Tombolillo, dall\u2019assessore alla Cultura Maria Rita D\u2019Alessio, dal direttore artistico Pierluigi Polisena e dal presidente [&hellip;]<\/p>\n","protected":false},"author":5443,"featured_media":437016,"comment_status":"closed","ping_status":"open","sticky":false,"template":"","format":"standard","meta":{"footnotes":"","jetpack_publicize_message":"","jetpack_publicize_feature_enabled":true,"jetpack_social_post_already_shared":true,"jetpack_social_options":{"image_generator_settings":{"template":"highway","default_image_id":0,"font":"","enabled":false},"version":2}},"categories":[15],"tags":[],"class_list":["post-437012","post","type-post","status-publish","format-standard","has-post-thumbnail","hentry","category-cultura"],"jetpack_publicize_connections":[],"_links":{"self":[{"href":"https:\/\/www.radioluna.it\/news\/wp-json\/wp\/v2\/posts\/437012","targetHints":{"allow":["GET"]}}],"collection":[{"href":"https:\/\/www.radioluna.it\/news\/wp-json\/wp\/v2\/posts"}],"about":[{"href":"https:\/\/www.radioluna.it\/news\/wp-json\/wp\/v2\/types\/post"}],"author":[{"embeddable":true,"href":"https:\/\/www.radioluna.it\/news\/wp-json\/wp\/v2\/users\/5443"}],"replies":[{"embeddable":true,"href":"https:\/\/www.radioluna.it\/news\/wp-json\/wp\/v2\/comments?post=437012"}],"version-history":[{"count":1,"href":"https:\/\/www.radioluna.it\/news\/wp-json\/wp\/v2\/posts\/437012\/revisions"}],"predecessor-version":[{"id":437017,"href":"https:\/\/www.radioluna.it\/news\/wp-json\/wp\/v2\/posts\/437012\/revisions\/437017"}],"wp:featuredmedia":[{"embeddable":true,"href":"https:\/\/www.radioluna.it\/news\/wp-json\/wp\/v2\/media\/437016"}],"wp:attachment":[{"href":"https:\/\/www.radioluna.it\/news\/wp-json\/wp\/v2\/media?parent=437012"}],"wp:term":[{"taxonomy":"category","embeddable":true,"href":"https:\/\/www.radioluna.it\/news\/wp-json\/wp\/v2\/categories?post=437012"},{"taxonomy":"post_tag","embeddable":true,"href":"https:\/\/www.radioluna.it\/news\/wp-json\/wp\/v2\/tags?post=437012"}],"curies":[{"name":"wp","href":"https:\/\/api.w.org\/{rel}","templated":true}]}}