{"id":437025,"date":"2026-09-03T10:20:55","date_gmt":"2026-09-03T08:20:55","guid":{"rendered":"https:\/\/www.radioluna.it\/news\/?p=437025"},"modified":"2026-09-03T10:20:55","modified_gmt":"2026-09-03T08:20:55","slug":"latina-confartigianato-per-rilanciare-il-centro-storico-bisogna-aiutare-le-imprese-a-restare","status":"publish","type":"post","link":"https:\/\/www.radioluna.it\/news\/2026\/09\/latina-confartigianato-per-rilanciare-il-centro-storico-bisogna-aiutare-le-imprese-a-restare\/","title":{"rendered":"Latina, Confartigianato: \u00abPer rilanciare il centro storico bisogna aiutare le imprese a restare\u00bb"},"content":{"rendered":"<div id=\"fb-root\"><\/div>\n<p class=\"isSelectedEnd\" style=\"text-align: justify;\">La riqualificazione del centro storico e del Mercato Annonario \u00e8 un passo positivo, ma il rilancio di Latina non pu\u00f2 limitarsi al recupero degli spazi. \u00c8 la posizione di <strong>Confartigianato Imprese Latina<\/strong>, che chiede di affiancare agli interventi urbanistici misure concrete per sostenere le piccole attivit\u00e0.<\/p>\n<p class=\"isSelectedEnd\" style=\"text-align: justify;\">L\u2019associazione interviene nel dibattito sul futuro del centro cittadino, dopo l\u2019avvio dell\u2019iter per la riqualificazione del Mercato Annonario di via Don Morosini. Secondo Confartigianato, il progetto rappresenta un\u2019opportunit\u00e0 importante, soprattutto per la possibilit\u00e0 di valorizzare artigianato locale, produzioni del territorio, occupazione e attivit\u00e0 commerciali.<\/p>\n<p class=\"isSelectedEnd\" style=\"text-align: justify;\">\u00ab\u00c8 importante che nel progetto del Mercato Annonario si parli espressamente di artigianato locale, produzioni del territorio, occupazione e attrattivit\u00e0 commerciale\u00bb, sottolinea la presidente <strong>Letizia Bongiorno<\/strong>. Ma, avverte, \u00abnon basta recuperare un immobile o ridisegnare una piazza per riportare automaticamente le imprese nel centro della citt\u00e0\u00bb.<\/p>\n<p class=\"isSelectedEnd\" style=\"text-align: justify;\">A rendere pi\u00f9 difficile la situazione ci sono infatti i costi che le piccole imprese devono sostenere. Secondo i dati dell\u2019Ufficio Studi di Confartigianato, ad agosto il prezzo all\u2019ingrosso dell\u2019energia elettrica \u00e8 aumentato del <strong>14,6% rispetto a luglio<\/strong>, mentre quello del gas \u00e8 cresciuto del <strong>13,5%<\/strong>. \u00c8 inoltre salito al <strong>3,77% il costo dei prestiti alle imprese<\/strong>, mentre gli investimenti in macchinari hanno registrato una diminuzione del <strong>2,3% rispetto al trimestre precedente<\/strong>.<\/p>\n<p class=\"isSelectedEnd\" style=\"text-align: justify;\">Numeri nazionali che, secondo l\u2019associazione, hanno conseguenze anche sulle attivit\u00e0 del territorio. In provincia di Latina sono presenti <strong>8.531 imprese artigiane<\/strong>, che rappresentano circa il <strong>15% del totale delle imprese<\/strong>.<\/p>\n<p class=\"isSelectedEnd\" style=\"text-align: justify;\">Per Confartigianato, quindi, il rilancio del centro dovrebbe mettere insieme riqualificazione urbana, commercio, artigianato, cultura e turismo. L\u2019obiettivo \u00e8 creare condizioni che permettano alle attivit\u00e0 di aprire, investire e soprattutto rimanere nel centro cittadino.<\/p>\n<p class=\"isSelectedEnd\" style=\"text-align: justify;\">In questo quadro, il Mercato Annonario potrebbe diventare una vetrina delle produzioni locali, con spazi dedicati all\u2019artigianato, all\u2019enogastronomia, alle nuove attivit\u00e0 e agli eventi. Confartigianato propone inoltre un coinvolgimento diretto delle associazioni di categoria e delle imprese nella definizione delle future funzioni della struttura.<\/p>\n<p class=\"isSelectedEnd\" style=\"text-align: justify;\">L\u2019associazione chiede quindi che il confronto sul futuro del centro storico diventi stabile e non si limiti alla fase finale dei progetti. \u00abNon vogliamo limitarci a commentare i progetti quando sono gi\u00e0 definiti: possiamo contribuire a costruirli\u00bb, afferma Bongiorno.<\/p>\n<p class=\"isSelectedEnd\" style=\"text-align: justify;\">Tra le priorit\u00e0 indicate ci sono anche <strong>accesso al credito, risparmio energetico, digitalizzazione e sostegno agli investimenti<\/strong> delle micro e piccole imprese.<\/p>\n<p style=\"text-align: justify;\">\u00abLatina ha bisogno di un centro pi\u00f9 bello, ma soprattutto ha bisogno di un centro in cui valga la pena aprire un\u2019impresa e in cui un\u2019impresa possa permettersi di restare\u00bb, conclude la presidente di Confartigianato.<\/p>\n<div id=\"radio-4267436263\" class=\"radio-dopo-il-contenuto radio-entity-placement\"><a data-no-instant=\"1\" href=\"https:\/\/concessionari-suzuki.it\/bodema\/\" rel=\"noopener\" class=\"a2t-link\" aria-label=\"Bodema 1200&#215;600 banner Suzuki_AX\"><img loading=\"lazy\" decoding=\"async\" src=\"https:\/\/www.radioluna.it\/news\/wp-content\/uploads\/2025\/05\/Bodema-1200x600-banner-Suzuki_AX.jpg\" alt=\"\"  srcset=\"https:\/\/www.radioluna.it\/news\/wp-content\/uploads\/2025\/05\/Bodema-1200x600-banner-Suzuki_AX.jpg 1200w, https:\/\/www.radioluna.it\/news\/wp-content\/uploads\/2025\/05\/Bodema-1200x600-banner-Suzuki_AX-768x384.jpg 768w\" sizes=\"(max-width: 1200px) 100vw, 1200px\" width=\"800\" height=\"300\"   \/><\/a><\/div>","protected":false},"excerpt":{"rendered":"<p>La riqualificazione del centro storico e del Mercato Annonario \u00e8 un passo positivo, ma il rilancio di Latina non pu\u00f2 limitarsi al recupero degli spazi. \u00c8 la posizione di Confartigianato Imprese Latina, che chiede di affiancare agli interventi urbanistici misure concrete per sostenere le piccole attivit\u00e0. L\u2019associazione interviene nel dibattito sul futuro del centro cittadino, [&hellip;]<\/p>\n","protected":false},"author":5443,"featured_media":372569,"comment_status":"closed","ping_status":"open","sticky":false,"template":"","format":"standard","meta":{"footnotes":"","jetpack_publicize_message":"","jetpack_publicize_feature_enabled":true,"jetpack_social_post_already_shared":true,"jetpack_social_options":{"image_generator_settings":{"template":"highway","default_image_id":0,"font":"","enabled":false},"version":2}},"categories":[735],"tags":[],"class_list":["post-437025","post","type-post","status-publish","format-standard","has-post-thumbnail","hentry","category-attualita"],"jetpack_publicize_connections":[],"_links":{"self":[{"href":"https:\/\/www.radioluna.it\/news\/wp-json\/wp\/v2\/posts\/437025","targetHints":{"allow":["GET"]}}],"collection":[{"href":"https:\/\/www.radioluna.it\/news\/wp-json\/wp\/v2\/posts"}],"about":[{"href":"https:\/\/www.radioluna.it\/news\/wp-json\/wp\/v2\/types\/post"}],"author":[{"embeddable":true,"href":"https:\/\/www.radioluna.it\/news\/wp-json\/wp\/v2\/users\/5443"}],"replies":[{"embeddable":true,"href":"https:\/\/www.radioluna.it\/news\/wp-json\/wp\/v2\/comments?post=437025"}],"version-history":[{"count":1,"href":"https:\/\/www.radioluna.it\/news\/wp-json\/wp\/v2\/posts\/437025\/revisions"}],"predecessor-version":[{"id":437027,"href":"https:\/\/www.radioluna.it\/news\/wp-json\/wp\/v2\/posts\/437025\/revisions\/437027"}],"wp:featuredmedia":[{"embeddable":true,"href":"https:\/\/www.radioluna.it\/news\/wp-json\/wp\/v2\/media\/372569"}],"wp:attachment":[{"href":"https:\/\/www.radioluna.it\/news\/wp-json\/wp\/v2\/media?parent=437025"}],"wp:term":[{"taxonomy":"category","embeddable":true,"href":"https:\/\/www.radioluna.it\/news\/wp-json\/wp\/v2\/categories?post=437025"},{"taxonomy":"post_tag","embeddable":true,"href":"https:\/\/www.radioluna.it\/news\/wp-json\/wp\/v2\/tags?post=437025"}],"curies":[{"name":"wp","href":"https:\/\/api.w.org\/{rel}","templated":true}]}}