{"id":437037,"date":"2026-09-03T15:17:03","date_gmt":"2026-09-03T13:17:03","guid":{"rendered":"https:\/\/www.radioluna.it\/news\/?p=437037"},"modified":"2026-09-03T15:17:03","modified_gmt":"2026-09-03T13:17:03","slug":"tiziano-ferro-sostiene-il-si-al-referendum-per-leducazione-affettiva-e-sessuale-nelle-scuole","status":"publish","type":"post","link":"https:\/\/www.radioluna.it\/news\/2026\/09\/tiziano-ferro-sostiene-il-si-al-referendum-per-leducazione-affettiva-e-sessuale-nelle-scuole\/","title":{"rendered":"Tiziano Ferro sostiene il &#8220;s\u00ec&#8221; al referendum per l\u2019educazione affettiva e sessuale nelle scuole"},"content":{"rendered":"<div id=\"fb-root\"><\/div>\n<p style=\"text-align: justify;\"><strong>LATINA<\/strong> &#8211; Tiziano Ferro sostiene l\u2019educazione affettiva e sessuale nelle scuole e si schiera per il referendum che chiede l\u2019abolizione della legge approvata di recente dalla maggioranza di governo e parlamentare che prevede il consenso informato in ambito scolastico, cos\u00ec come previsto dal disegno di legge Valditara approvato in via definitiva dal Senato il 4 giugno 2026. La norma in vigore ave va suscitato polemiche perch\u00e9 stabilisce che n<span class=\"iNqyIf\" data-sfc-cp=\"\" data-sfc-root=\"ep\" data-complete=\"true\" data-copy-service-computed-style=\"font-family: &quot;Google Sans&quot;, Arial, sans-serif; font-size: 16px; font-weight: 400; margin: 0px; text-decoration: none; border-bottom: 0px rgb(230, 232, 240);\">elle scuole secondarie (medie e superiori), le attivit\u00e0 extra o extracurricolari su questi temi richiedono l&#8217;autorizzazione scritta e preventiva dei genitori, mentre alla primaria <\/span><span class=\"iNqyIf\" data-sfc-cp=\"\" data-sfc-root=\"ep\" data-complete=\"true\" data-copy-service-computed-style=\"font-family: &quot;Google Sans&quot;, Arial, sans-serif; font-size: 16px; font-weight: 400; margin: 0px; text-decoration: none; border-bottom: 0px rgb(230, 232, 240);\"><span class=\"yADgie\" data-copy-service-computed-style=\"font-family: &quot;Google Sans&quot;, Arial, sans-serif; font-size: 16px; font-weight: 400; margin: 0px; text-decoration: none; border-bottom: 0px rgb(230, 232, 240);\">e materna sono espressamente escluse le attivit\u00e0 didattiche o progettuali aventi a oggetto la sessualit\u00e0.<\/span><!--TgQPHd|||[]--><\/span><\/p>\n<p style=\"text-align: justify;\">L&#8217;obiettivo del Referendum sostenuto da Ferro, \u00e8 ripristinare l&#8217;educazione affettiva e sessuale nelle scuole italiane, superando le attuali restrizioni normative. Le motivazioni del referendum sono sul sito del Ministero dove vengono<a href=\"https:\/\/firmereferendum.giustizia.it\/referendum\/open\/dettaglio-open\/7500000\"> raccolte le firme<\/a>. Il cantante di Latina in una storia pubblicata oggi invita a sostenere le ragioni del S\u00ec all&#8217;abolizione.<\/p>\n<p style=\"text-align: justify;\">&#8220;Eliminando queste norme &#8211; spiegano i promotori del referendum &#8211; l&#8217;educazione sessuale e affettiva torner\u00e0 a essere un&#8217;attivit\u00e0 scolastica inclusiva, equiparata alle altre scelte extracurriculari approvate da genitori, docenti e studenti tramite i Piani triennali dell&#8217;Offerta Formativa con didattica adeguata all&#8217;et\u00e0 sar\u00e0 possibile promuovere la consapevolezza del corpo e dell&#8217;affettivit\u00e0 usando linguaggi e metodi appropriati per ogni fascia d&#8217;et\u00e0, inclusa quella infantile. Si eliminer\u00e0 la pratica dell&#8217;esclusione dall&#8217;aula, garantendo che tutti gli studenti possano partecipare alle attivit\u00e0 del gruppo classe senza discriminazioni. Scuole, docenti e famiglie potranno integrare stabilmente questi temi nei percorsi formativi, liberandosi da vincoli burocratici eccessivi e garantendo una continuit\u00e0 pedagogica&#8221;.<\/p>\n<p style=\"text-align: justify;\">\n<p>&nbsp;<\/p>\n<div id=\"radio-1112551742\" class=\"radio-dopo-il-contenuto radio-entity-placement\"><a data-no-instant=\"1\" href=\"https:\/\/concessionari-suzuki.it\/bodema\/\" rel=\"noopener\" class=\"a2t-link\" aria-label=\"Bodema 1200&#215;600 banner Suzuki_AX\"><img loading=\"lazy\" decoding=\"async\" src=\"https:\/\/www.radioluna.it\/news\/wp-content\/uploads\/2025\/05\/Bodema-1200x600-banner-Suzuki_AX.jpg\" alt=\"\"  srcset=\"https:\/\/www.radioluna.it\/news\/wp-content\/uploads\/2025\/05\/Bodema-1200x600-banner-Suzuki_AX.jpg 1200w, https:\/\/www.radioluna.it\/news\/wp-content\/uploads\/2025\/05\/Bodema-1200x600-banner-Suzuki_AX-768x384.jpg 768w\" sizes=\"(max-width: 1200px) 100vw, 1200px\" width=\"800\" height=\"300\"   \/><\/a><\/div>","protected":false},"excerpt":{"rendered":"<p>LATINA &#8211; Tiziano Ferro sostiene l\u2019educazione affettiva e sessuale nelle scuole e si schiera per il referendum che chiede l\u2019abolizione della legge approvata di recente dalla maggioranza di governo e parlamentare che prevede il consenso informato in ambito scolastico, cos\u00ec come previsto dal disegno di legge Valditara approvato in via definitiva dal Senato il 4 [&hellip;]<\/p>\n","protected":false},"author":62,"featured_media":437038,"comment_status":"closed","ping_status":"open","sticky":false,"template":"","format":"standard","meta":{"footnotes":"","jetpack_publicize_message":"","jetpack_publicize_feature_enabled":true,"jetpack_social_post_already_shared":true,"jetpack_social_options":{"image_generator_settings":{"template":"highway","default_image_id":0,"font":"","enabled":false},"version":2}},"categories":[735,8],"tags":[],"class_list":["post-437037","post","type-post","status-publish","format-standard","has-post-thumbnail","hentry","category-attualita","category-politica"],"jetpack_publicize_connections":[],"_links":{"self":[{"href":"https:\/\/www.radioluna.it\/news\/wp-json\/wp\/v2\/posts\/437037","targetHints":{"allow":["GET"]}}],"collection":[{"href":"https:\/\/www.radioluna.it\/news\/wp-json\/wp\/v2\/posts"}],"about":[{"href":"https:\/\/www.radioluna.it\/news\/wp-json\/wp\/v2\/types\/post"}],"author":[{"embeddable":true,"href":"https:\/\/www.radioluna.it\/news\/wp-json\/wp\/v2\/users\/62"}],"replies":[{"embeddable":true,"href":"https:\/\/www.radioluna.it\/news\/wp-json\/wp\/v2\/comments?post=437037"}],"version-history":[{"count":4,"href":"https:\/\/www.radioluna.it\/news\/wp-json\/wp\/v2\/posts\/437037\/revisions"}],"predecessor-version":[{"id":437042,"href":"https:\/\/www.radioluna.it\/news\/wp-json\/wp\/v2\/posts\/437037\/revisions\/437042"}],"wp:featuredmedia":[{"embeddable":true,"href":"https:\/\/www.radioluna.it\/news\/wp-json\/wp\/v2\/media\/437038"}],"wp:attachment":[{"href":"https:\/\/www.radioluna.it\/news\/wp-json\/wp\/v2\/media?parent=437037"}],"wp:term":[{"taxonomy":"category","embeddable":true,"href":"https:\/\/www.radioluna.it\/news\/wp-json\/wp\/v2\/categories?post=437037"},{"taxonomy":"post_tag","embeddable":true,"href":"https:\/\/www.radioluna.it\/news\/wp-json\/wp\/v2\/tags?post=437037"}],"curies":[{"name":"wp","href":"https:\/\/api.w.org\/{rel}","templated":true}]}}