{"id":437115,"date":"2026-09-04T07:57:30","date_gmt":"2026-09-04T05:57:30","guid":{"rendered":"https:\/\/www.radioluna.it\/news\/?p=437115"},"modified":"2026-09-04T07:57:30","modified_gmt":"2026-09-04T05:57:30","slug":"latina-asilo-internalizzato-assunte-nove-educatrici-cerimonia-di-benvenuto-in-comune","status":"publish","type":"post","link":"https:\/\/www.radioluna.it\/news\/2026\/09\/latina-asilo-internalizzato-assunte-nove-educatrici-cerimonia-di-benvenuto-in-comune\/","title":{"rendered":"Latina, asilo internalizzato, assunte nove educatrici: cerimonia di benvenuto in Comune"},"content":{"rendered":"<div id=\"fb-root\"><\/div>\n<p style=\"text-align: justify;\"><strong>LATINA &#8211; <\/strong>Cerimonia di benvenuto, gioved\u00ec pomeriggio, nella sala De Pasquale per le nuove educatrici assunte dal Comune di Latina, nove in tutto che prenderanno servizio nell\u2019asilo Babylandia che \u00e8 stato di recente internalizzato. Sono tutte donne, sono state accolte dalla sindaca Celentano e dagli assessori Andrea Chiarato e Federica Censi che hanno augurato \u00a0alle nuove assunte buon lavoro a pochi giorni dall&#8217;avvio delle attivit\u00e0 in classe. Gi\u00e0 dalla prossima settimana infatti le educatrici prenderanno servizio presso l\u2019asilo comunale Babylandia, che da quest\u2019anno \u00e8 stato internalizzato. Presenti anche le dirigenti Lucia Giovangrossi e Manuela Zuffranieri e la funzionaria Alessandra Melito.<\/p>\n<p>\u201c\u00c8 con profonda emozione e grande orgoglio \u2013 dichiara il sindaco Matilde Celentano \u2013 che abbiamo dato il benvenuto alle nuove istruttrici educative nella famiglia del Comune di Latina. Non \u00e8 stata una semplice operazione amministrativa, ma un atto di visione e di coraggio politico. Abbiamo creduto nella necessit\u00e0 di restituire alla gestione pubblica diretta un servizio essenziale, garantendo standard elevati, stabilit\u00e0 lavorativa e un legame ancora pi\u00f9 stretto con il territorio. Grazie allo scorrimento della graduatoria del concorso del 24 dicembre 2024, oggi premiamo il merito, la preparazione e la determinazione di professioniste che hanno dimostrato il proprio valore. Il lavoro svolto dall&#8217;assessore al Personale Andrea Chiarato, dall&#8217;assessore alla Pubblica Istruzione Federica Censi e dalle dirigenti Manuela Zuffranieri e Lucia Giovangrossi \u00e8 stato fondamentale per rendere possibile tutto questo, e a loro va il mio personale ringraziamento\u201d.<\/p>\n<p>\u201cAlle educatrici \u2013 afferma Federica Censi, assessore all\u2019Istruzione \u2013 affidiamo il bene pi\u00f9 prezioso della nostra citt\u00e0: i nostri bambini. Nei primi anni di vita si costruiscono le fondamenta dell&#8217;essere umano, si stimola la curiosit\u00e0, si cura l&#8217;empatia e si insegna il valore della condivisione. Il lavoro delle educatrici \u00e8 molto pi\u00f9 che un impiego, \u00e8 una missione quotidiana al servizio delle famiglie di Latina, che metteranno nelle vostre mani la crescita e la sicurezza dei loro figli. Auguro alle nuove assunte buon lavoro, convinta che anche grazie a loro il nuovo asilo comunale Babylandia, operazione alla quale l\u2019amministrazione comunale ha creduto in maniera particolare, sapr\u00e0 offrire un ottimo servizio ai bambini e alle famiglie\u201d.<\/p>\n<p>\u201cIn seguito alle 22 nuove assistenti sociali assunte a tempo pieno e determinato nel mese di agosto \u2013 conclude Andrea Chiarato, assessore al Personale &#8211; oggi abbiamo dato il benvenuto a nove nuove istruttrici educative. \u00c8 un ulteriore segnale concreto dell\u2019attenzione che questa amministrazione sta dedicando alle politiche del personale, nella consapevolezza che investire sulle persone significa investire sulla qualit\u00e0 dei servizi e, di conseguenza, sulla vicinanza dell\u2019ente ai cittadini. L\u2019ingresso di queste nuove professionalit\u00e0 rappresenta un importante rafforzamento dell\u2019organico comunale e consentir\u00e0 di garantire al meglio un servizio fondamentale come quello educativo. Alle nuove educatrici rivolgo il mio augurio di buon lavoro e sono certo che sapranno mettere professionalit\u00e0, entusiasmo e sensibilit\u00e0 al servizio dei bambini e delle famiglie di Latina\u201d.<\/p>\n<div id=\"radio-995941064\" class=\"radio-dopo-il-contenuto radio-entity-placement\"><a data-no-instant=\"1\" href=\"https:\/\/concessionari-suzuki.it\/bodema\/\" rel=\"noopener\" class=\"a2t-link\" aria-label=\"Bodema 1200&#215;600 banner Suzuki_AX\"><img loading=\"lazy\" decoding=\"async\" src=\"https:\/\/www.radioluna.it\/news\/wp-content\/uploads\/2025\/05\/Bodema-1200x600-banner-Suzuki_AX.jpg\" alt=\"\"  srcset=\"https:\/\/www.radioluna.it\/news\/wp-content\/uploads\/2025\/05\/Bodema-1200x600-banner-Suzuki_AX.jpg 1200w, https:\/\/www.radioluna.it\/news\/wp-content\/uploads\/2025\/05\/Bodema-1200x600-banner-Suzuki_AX-768x384.jpg 768w\" sizes=\"(max-width: 1200px) 100vw, 1200px\" width=\"800\" height=\"300\"   \/><\/a><\/div>","protected":false},"excerpt":{"rendered":"<p>LATINA &#8211; Cerimonia di benvenuto, gioved\u00ec pomeriggio, nella sala De Pasquale per le nuove educatrici assunte dal Comune di Latina, nove in tutto che prenderanno servizio nell\u2019asilo Babylandia che \u00e8 stato di recente internalizzato. Sono tutte donne, sono state accolte dalla sindaca Celentano e dagli assessori Andrea Chiarato e Federica Censi che hanno augurato \u00a0alle [&hellip;]<\/p>\n","protected":false},"author":62,"featured_media":437116,"comment_status":"closed","ping_status":"open","sticky":false,"template":"","format":"standard","meta":{"footnotes":"","jetpack_publicize_message":"","jetpack_publicize_feature_enabled":true,"jetpack_social_post_already_shared":true,"jetpack_social_options":{"image_generator_settings":{"template":"highway","default_image_id":0,"font":"","enabled":false},"version":2}},"categories":[248],"tags":[],"class_list":["post-437115","post","type-post","status-publish","format-standard","has-post-thumbnail","hentry","category-istruzione"],"jetpack_publicize_connections":[],"_links":{"self":[{"href":"https:\/\/www.radioluna.it\/news\/wp-json\/wp\/v2\/posts\/437115","targetHints":{"allow":["GET"]}}],"collection":[{"href":"https:\/\/www.radioluna.it\/news\/wp-json\/wp\/v2\/posts"}],"about":[{"href":"https:\/\/www.radioluna.it\/news\/wp-json\/wp\/v2\/types\/post"}],"author":[{"embeddable":true,"href":"https:\/\/www.radioluna.it\/news\/wp-json\/wp\/v2\/users\/62"}],"replies":[{"embeddable":true,"href":"https:\/\/www.radioluna.it\/news\/wp-json\/wp\/v2\/comments?post=437115"}],"version-history":[{"count":1,"href":"https:\/\/www.radioluna.it\/news\/wp-json\/wp\/v2\/posts\/437115\/revisions"}],"predecessor-version":[{"id":437117,"href":"https:\/\/www.radioluna.it\/news\/wp-json\/wp\/v2\/posts\/437115\/revisions\/437117"}],"wp:featuredmedia":[{"embeddable":true,"href":"https:\/\/www.radioluna.it\/news\/wp-json\/wp\/v2\/media\/437116"}],"wp:attachment":[{"href":"https:\/\/www.radioluna.it\/news\/wp-json\/wp\/v2\/media?parent=437115"}],"wp:term":[{"taxonomy":"category","embeddable":true,"href":"https:\/\/www.radioluna.it\/news\/wp-json\/wp\/v2\/categories?post=437115"},{"taxonomy":"post_tag","embeddable":true,"href":"https:\/\/www.radioluna.it\/news\/wp-json\/wp\/v2\/tags?post=437115"}],"curies":[{"name":"wp","href":"https:\/\/api.w.org\/{rel}","templated":true}]}}