{"id":437139,"date":"2026-09-04T12:13:57","date_gmt":"2026-09-04T10:13:57","guid":{"rendered":"https:\/\/www.radioluna.it\/news\/?p=437139"},"modified":"2026-09-04T12:15:13","modified_gmt":"2026-09-04T10:15:13","slug":"festa-dellunita-ad-aprilia-oggi-leodori-e-mancini-domani-i-giovani-democratici-orfini-e-amici","status":"publish","type":"post","link":"https:\/\/www.radioluna.it\/news\/2026\/09\/festa-dellunita-ad-aprilia-oggi-leodori-e-mancini-domani-i-giovani-democratici-orfini-e-amici\/","title":{"rendered":"Festa dell&#8217;Unit\u00e0 ad Aprilia, oggi Leodori e Mancini domani i Giovani Democratici, Orfini e Amici"},"content":{"rendered":"<div id=\"fb-root\"><\/div>\n<p style=\"text-align: justify;\"><strong>APRILIA<\/strong> &#8211; Ha preso il via ieri, in Parco Friuli ad Aprilia, la Festa provinciale dell\u2019Unit\u00e0 del Partito Democratico. La sanit\u00e0 al centro del dibattito con l&#8217;ex ministra Beatrice Lorenzin, il consigliere regionale Salvatore La Penna e il presidente dell&#8217;ordine dei Medici della provincia di Latina Giovanni Cirilli. &#8220;La prima giornata ha registrato un\u2019ottima partecipazione e restituito il clima che il Pd aveva immaginato per il ritorno della Festa dopo sette anni: una comunit\u00e0 che si ritrova, ascolta, discute e condivide momenti di politica e socialit\u00e0. Una partenza che conferma la volont\u00e0 di tornare a vivere la politica anche fuori dalle sedi di partito, incontrando cittadini e militanti e creando occasioni di confronto sui temi che riguardano il territorio e il Paese&#8221;, commentano i promotori in una nota.<br \/>\nQuesta sera si prosegue con il dibattito \u201cCostruire l\u2019alternativa. Il ruolo del Pd per il rilancio del Lazio e del Paese\u201d, che vedr\u00e0 protagonisti il segretario e consigliere regionale Daniele Leodori e il deputato Claudio Mancini.<br \/>\nDomani, sabato 5 settembre, il programma guarder\u00e0 invece alle nuove generazioni, con un appuntamento curato dai Giovani Democratici della provincia di Latina. Alle 19.00, nell\u2019incontro dal titolo \u201cRestare, partire, tornare. Il diritto di scegliere il proprio futuro\u201d, Lorenzo Cervi, segretario dei GD, introdurr\u00e0 il confronto con Mattia Mattei, presidente dei GD della provincia di Latina e delegato all\u2019agricoltura dei GD Lazio, e Adriano Ciullo, delegato al diritto alla casa dei GD Lazio. A moderare il dibattito sar\u00e0 Naima Nasoni dei GD di Aprilia.<br \/>\nUn confronto che parte dalle scelte che riguardano direttamente le ragazze e i ragazzi: la possibilit\u00e0 di rimanere nei propri territori, di partire per studiare o lavorare e, soprattutto, di poter tornare. Lavoro, diritto alla casa e opportunit\u00e0 diventano cos\u00ec parte di una riflessione pi\u00f9 ampia sul futuro che le nuove generazioni devono poter scegliere senza sentirsi costrette a lasciare \u201ccasa\u201d.<br \/>\nAlle 20.00 il confronto si sposter\u00e0 sulle prossime sfide politiche con \u201cVerso le elezioni politiche: valori, proposte e alleanze per il futuro dell\u2019Italia\u201d. Il giornalista de Il Messaggero Stefano Cortelletti intervister\u00e0 il deputato Pd Matteo Orfini e Sesa Amici, componente della Direzione nazionale del Pd, gi\u00e0 deputata e sottosegretaria di Stato.<br \/>\nUn appuntamento che si inserisce anche nella discussione che il Partito Democratico vuole portare avanti in vista dei prossimi appuntamenti elettorali, mettendo a confronto idee, proposte e prospettive per costruire un\u2019alternativa alle destre e ai populismi e arrivare alle prossime sfide con una comunit\u00e0 politica solida e radicata nei territori.<br \/>\nLa terza giornata della Festa si chiuder\u00e0 ancora una volta nel segno della musica con il concerto \u201cSospesi nel silenzio\u201d del duo Violacustica.<\/p>\n<div id=\"radio-2541888052\" class=\"radio-dopo-il-contenuto radio-entity-placement\"><a data-no-instant=\"1\" href=\"https:\/\/concessionari-suzuki.it\/bodema\/\" rel=\"noopener\" class=\"a2t-link\" aria-label=\"Bodema 1200&#215;600 banner Suzuki_AX\"><img loading=\"lazy\" decoding=\"async\" src=\"https:\/\/www.radioluna.it\/news\/wp-content\/uploads\/2025\/05\/Bodema-1200x600-banner-Suzuki_AX.jpg\" alt=\"\"  srcset=\"https:\/\/www.radioluna.it\/news\/wp-content\/uploads\/2025\/05\/Bodema-1200x600-banner-Suzuki_AX.jpg 1200w, https:\/\/www.radioluna.it\/news\/wp-content\/uploads\/2025\/05\/Bodema-1200x600-banner-Suzuki_AX-768x384.jpg 768w\" sizes=\"(max-width: 1200px) 100vw, 1200px\" width=\"800\" height=\"300\"   \/><\/a><\/div>","protected":false},"excerpt":{"rendered":"<p>APRILIA &#8211; Ha preso il via ieri, in Parco Friuli ad Aprilia, la Festa provinciale dell\u2019Unit\u00e0 del Partito Democratico. La sanit\u00e0 al centro del dibattito con l&#8217;ex ministra Beatrice Lorenzin, il consigliere regionale Salvatore La Penna e il presidente dell&#8217;ordine dei Medici della provincia di Latina Giovanni Cirilli. &#8220;La prima giornata ha registrato un\u2019ottima partecipazione [&hellip;]<\/p>\n","protected":false},"author":60,"featured_media":437140,"comment_status":"closed","ping_status":"open","sticky":false,"template":"","format":"standard","meta":{"footnotes":"","jetpack_publicize_message":"","jetpack_publicize_feature_enabled":true,"jetpack_social_post_already_shared":true,"jetpack_social_options":{"image_generator_settings":{"template":"highway","default_image_id":0,"font":"","enabled":false},"version":2}},"categories":[16],"tags":[],"class_list":["post-437139","post","type-post","status-publish","format-standard","has-post-thumbnail","hentry","category-appuntamenti"],"jetpack_publicize_connections":[],"_links":{"self":[{"href":"https:\/\/www.radioluna.it\/news\/wp-json\/wp\/v2\/posts\/437139","targetHints":{"allow":["GET"]}}],"collection":[{"href":"https:\/\/www.radioluna.it\/news\/wp-json\/wp\/v2\/posts"}],"about":[{"href":"https:\/\/www.radioluna.it\/news\/wp-json\/wp\/v2\/types\/post"}],"author":[{"embeddable":true,"href":"https:\/\/www.radioluna.it\/news\/wp-json\/wp\/v2\/users\/60"}],"replies":[{"embeddable":true,"href":"https:\/\/www.radioluna.it\/news\/wp-json\/wp\/v2\/comments?post=437139"}],"version-history":[{"count":1,"href":"https:\/\/www.radioluna.it\/news\/wp-json\/wp\/v2\/posts\/437139\/revisions"}],"predecessor-version":[{"id":437141,"href":"https:\/\/www.radioluna.it\/news\/wp-json\/wp\/v2\/posts\/437139\/revisions\/437141"}],"wp:featuredmedia":[{"embeddable":true,"href":"https:\/\/www.radioluna.it\/news\/wp-json\/wp\/v2\/media\/437140"}],"wp:attachment":[{"href":"https:\/\/www.radioluna.it\/news\/wp-json\/wp\/v2\/media?parent=437139"}],"wp:term":[{"taxonomy":"category","embeddable":true,"href":"https:\/\/www.radioluna.it\/news\/wp-json\/wp\/v2\/categories?post=437139"},{"taxonomy":"post_tag","embeddable":true,"href":"https:\/\/www.radioluna.it\/news\/wp-json\/wp\/v2\/tags?post=437139"}],"curies":[{"name":"wp","href":"https:\/\/api.w.org\/{rel}","templated":true}]}}