{"id":437142,"date":"2026-09-04T12:28:59","date_gmt":"2026-09-04T10:28:59","guid":{"rendered":"https:\/\/www.radioluna.it\/news\/?p=437142"},"modified":"2026-09-04T12:36:26","modified_gmt":"2026-09-04T10:36:26","slug":"il-comandante-provinciale-dei-carabinieri-di-latina-col-angellillo-dirigera-il-centro-operativo-della-dia-di-roma-il-saluto","status":"publish","type":"post","link":"https:\/\/www.radioluna.it\/news\/2026\/09\/il-comandante-provinciale-dei-carabinieri-di-latina-col-angellillo-dirigera-il-centro-operativo-della-dia-di-roma-il-saluto\/","title":{"rendered":"Il Comandante provinciale dei carabinieri di Latina, col. Angellillo, diriger\u00e0 il Centro Operativo della Dia di Roma. Il saluto"},"content":{"rendered":"<div id=\"fb-root\"><\/div>\n<p style=\"text-align: justify;\"><strong>LATINA<\/strong> &#8211; Andr\u00e0 a dirigere il Centro Operativo della Dia di Roma, spogliandosi temporaneamente dell&#8217;uniforme, il colonnello Christian Angelillo, fino a oggi Comandante provinciale dei carabinieri di Latina,\u00a0 in partenza per il nuovo prestigioso incarico. A tre anni dal suo arrivo nel capoluogo pontino, sono i giorni dei saluti, una lunga sequenza per l&#8217;alto militare che sul territorio provinciale di Latina ha costruito relazioni anche umane profonde. Questa mattina, l&#8217;incontro con i giornalisti che si \u00e8 tenuto nella rinnovata sala stampa della caserma Cimarrusti di Piazza della Libert\u00e0 dove ha\u00a0 parlato di un\u2019esperienza umana e professionale totalizzante.<\/p>\n<audio class=\"wp-audio-shortcode\" id=\"audio-437142-1\" preload=\"none\" style=\"width: 100%;\" controls=\"controls\"><source type=\"audio\/mpeg\" src=\"https:\/\/www.radioluna.it\/news\/wp-content\/uploads\/2026\/09\/angelillo-saluto.mp3?_=1\" \/><a href=\"https:\/\/www.radioluna.it\/news\/wp-content\/uploads\/2026\/09\/angelillo-saluto.mp3\">https:\/\/www.radioluna.it\/news\/wp-content\/uploads\/2026\/09\/angelillo-saluto.mp3<\/a><\/audio>\n<p style=\"text-align: justify;\">&#8220;l mio percorso qui a Latina si conclude con sentimenti di gratitudine, in primis verso i carabinieri del Comando Provinciale di Latina, a cui si devono tutti questi risultati sul piano preventivo e dell&#8217;azione di contrasto. Ho cercato in tutti i modi di rappresentare questo sforzo nel modo pi\u00f9 etico possibile, con disciplina e onore, e soprattutto cercando di creare una stretta sinergia con tutte le istituzioni coinvolte nelle azioni di prevenzione e contrasto, mi riferisco in particolare alla Prefettura e alle procure ordinali e distrettuali. Quest&#8217;opera di unitariet\u00e0 spero, credo, sia stata percepita e credo sia la premessa anche per politiche attive che valorizzino le tante meravigliose realt\u00e0, soprattutto nei corpi intermedi, che caratterizzano questo territorio&#8221;.<br \/>\nCon un pizzico di non celata commozione, Angelillo ha parlato di un territorio meraviglioso. &#8220;Quando lo definivo meraviglioso ovviamente si univano due fattori, quello dell&#8217;intensit\u00e0 del vissuto personale insieme alla mia famiglia, totalizzante, questo territorio che ci ha restituito tante amicizie, tanti legami che porteremo con noi, e dal punto di vista professionale \u00e8 stata un&#8217;esperienza fantastica della quale non avevo la piena condizione. L&#8217;idea soltanto \u00e8 che abbiamo dovuto affrontare minacce diverse, parliamo anche di forme di criminalit\u00e0 organizzate completamente diverse,\u00a0 soprattutto dal carattere transnazionale e soprattutto di mafie, di matrici italiane diverse, tra loro a volte anche in interazione, questo ha necessitato di uno sforzo, di diversificazione dell&#8217;azione di prevenzione e contrasto, mirata chirurgica per ogni singola minaccia.<br \/>\n\u00c8 in questo che ho riconosciuto il grande valore dell&#8217;arma dei Carabinieri e dei componenti del Comando Provinciale,\u00a0 ma insieme a tutte le altre parti di specialit\u00e0 e forestali che hanno dato e danno ogni giorno un grande supporto e rappresentano veramente un presidio di sicurezza per i cittadini, cos\u00ec come le stazioni Carabinieri, che caratterizzano la nostra identit\u00e0 di forza di polizia sul territorio, di prossimit\u00e0, sono loro il vero avamposto di umanit\u00e0 e delle istituzioni, sul territorio e sui territori. E in questo ho avuto sempre espressioni di riconoscimento e di valorizzazione dell&#8217;opera svolta dai Carabinieri e dei comandi stazioni verso la cittadinanza, verso le fragilit\u00e0, le tante fragilit\u00e0 che oggi caratterizzano questa umanit\u00e0 che a volte \u00e8 troppo tecnologica&#8221;.<\/p>\n<p style=\"text-align: justify;\">Dal punto di vista investigativo, un&#8217;esperienza che porter\u00e0 con s\u00e9 a Roma nel suo nuovo incarico. &#8220;Credo che il mio trasferimento non vada lento in modo personalistico, il mio nuovo incarico con il Centro Operativo della Dia di Roma vada letto in una logica di sistema, a cui segue tra l&#8217;altro il mio trasferimento con il Comandante Nuovo Investigativo, a rivestire il delicatissimo incarico di Comandante Nuovo Investigativo di Roma. Io credo\u00a0 &#8211; ha concluso Angelillo &#8211; che in questo senso sia stato premiato un modello organizzativo in cui il confronto tra le persone e idee innovative, anche sul piano del contrasto al cybercrime e all&#8217;incidenza delle tecnologie\u00a0 e l&#8217;utilizzo delle tecnologie da parte della camera organizzata abbiano rappresentato una componente importante&#8221;.<\/p>\n<p>&nbsp;<\/p>\n<div id=\"radio-3116499735\" class=\"radio-dopo-il-contenuto radio-entity-placement\"><a data-no-instant=\"1\" href=\"https:\/\/concessionari-suzuki.it\/bodema\/\" rel=\"noopener\" class=\"a2t-link\" aria-label=\"Bodema 1200&#215;600 banner Suzuki_AX\"><img loading=\"lazy\" decoding=\"async\" src=\"https:\/\/www.radioluna.it\/news\/wp-content\/uploads\/2025\/05\/Bodema-1200x600-banner-Suzuki_AX.jpg\" alt=\"\"  srcset=\"https:\/\/www.radioluna.it\/news\/wp-content\/uploads\/2025\/05\/Bodema-1200x600-banner-Suzuki_AX.jpg 1200w, https:\/\/www.radioluna.it\/news\/wp-content\/uploads\/2025\/05\/Bodema-1200x600-banner-Suzuki_AX-768x384.jpg 768w\" sizes=\"(max-width: 1200px) 100vw, 1200px\" width=\"800\" height=\"300\"   \/><\/a><\/div>","protected":false},"excerpt":{"rendered":"<p>LATINA &#8211; Andr\u00e0 a dirigere il Centro Operativo della Dia di Roma, spogliandosi temporaneamente dell&#8217;uniforme, il colonnello Christian Angelillo, fino a oggi Comandante provinciale dei carabinieri di Latina,\u00a0 in partenza per il nuovo prestigioso incarico. A tre anni dal suo arrivo nel capoluogo pontino, sono i giorni dei saluti, una lunga sequenza per l&#8217;alto militare [&hellip;]<\/p>\n","protected":false},"author":62,"featured_media":437143,"comment_status":"closed","ping_status":"open","sticky":false,"template":"","format":"standard","meta":{"footnotes":"","jetpack_publicize_message":"","jetpack_publicize_feature_enabled":true,"jetpack_social_post_already_shared":true,"jetpack_social_options":{"image_generator_settings":{"template":"highway","default_image_id":0,"font":"","enabled":false},"version":2}},"categories":[2310,7,2256,2428],"tags":[5738],"class_list":["post-437142","post","type-post","status-publish","format-standard","has-post-thumbnail","hentry","category-audio","category-cronaca","category-prima-pagina","category-primo-piano","tag-in-primo-piano"],"jetpack_publicize_connections":[],"_links":{"self":[{"href":"https:\/\/www.radioluna.it\/news\/wp-json\/wp\/v2\/posts\/437142","targetHints":{"allow":["GET"]}}],"collection":[{"href":"https:\/\/www.radioluna.it\/news\/wp-json\/wp\/v2\/posts"}],"about":[{"href":"https:\/\/www.radioluna.it\/news\/wp-json\/wp\/v2\/types\/post"}],"author":[{"embeddable":true,"href":"https:\/\/www.radioluna.it\/news\/wp-json\/wp\/v2\/users\/62"}],"replies":[{"embeddable":true,"href":"https:\/\/www.radioluna.it\/news\/wp-json\/wp\/v2\/comments?post=437142"}],"version-history":[{"count":6,"href":"https:\/\/www.radioluna.it\/news\/wp-json\/wp\/v2\/posts\/437142\/revisions"}],"predecessor-version":[{"id":437150,"href":"https:\/\/www.radioluna.it\/news\/wp-json\/wp\/v2\/posts\/437142\/revisions\/437150"}],"wp:featuredmedia":[{"embeddable":true,"href":"https:\/\/www.radioluna.it\/news\/wp-json\/wp\/v2\/media\/437143"}],"wp:attachment":[{"href":"https:\/\/www.radioluna.it\/news\/wp-json\/wp\/v2\/media?parent=437142"}],"wp:term":[{"taxonomy":"category","embeddable":true,"href":"https:\/\/www.radioluna.it\/news\/wp-json\/wp\/v2\/categories?post=437142"},{"taxonomy":"post_tag","embeddable":true,"href":"https:\/\/www.radioluna.it\/news\/wp-json\/wp\/v2\/tags?post=437142"}],"curies":[{"name":"wp","href":"https:\/\/api.w.org\/{rel}","templated":true}]}}