{"id":437152,"date":"2026-09-04T15:02:09","date_gmt":"2026-09-04T13:02:09","guid":{"rendered":"https:\/\/www.radioluna.it\/news\/?p=437152"},"modified":"2026-09-04T16:19:26","modified_gmt":"2026-09-04T14:19:26","slug":"latina-incendio-a-ridosso-dellicot-fiamme-vicino-al-parcheggio","status":"publish","type":"post","link":"https:\/\/www.radioluna.it\/news\/2026\/09\/latina-incendio-a-ridosso-dellicot-fiamme-vicino-al-parcheggio\/","title":{"rendered":"Latina, incendio a ridosso dell\u2019Icot: fiamme vicino al parcheggio"},"content":{"rendered":"<div id=\"fb-root\"><\/div>\n<p style=\"text-align: justify;\">Pauroso incendio di vegetazione nella zona dell\u2019Icot, a Latina. Le fiamme sarebbero partite da un canale alle spalle dell\u2019ospedale e, attraversando il vivaio abbandonato, sono arrivate fino alla Pontina, raggiungendo il parcheggio dell\u2019Icot e i campi vicini a una concessionaria di automobili. Una grande colonna di fumo nero \u00e8 visibile anche a distanza. Imponente l\u2019intervento dei Vigili del Fuoco, con pi\u00f9 di sette automezzi, due autobotti e diverse squadre impegnate nelle operazioni di spegnimento e contenimento. Sul posto anche i volontari della Protezione Civile.<\/p>\n<p style=\"text-align: justify;\">Contemporaneamente un secondo incendio ha interessato il lato opposto della carreggiata, nei campi vicino al ristorante Il Vulcano. Le fiamme hanno raggiunto anche la strada che dalla rotonda dell\u2019Icot porta verso il centro Morbella. La complanare della Pontina \u00e8 stata chiusa al traffico e la polizia locale sta gestendo la viabilit\u00e0. La presenza di pi\u00f9 focolai alimenta l\u2019ipotesi di un\u2019origine dolosa, ma saranno gli accertamenti a stabilire le cause degli incendi.<\/p>\n<p>&nbsp;<\/p>\n<p>&nbsp;<\/p>\n\n\t\t<style type=\"text\/css\">\n\t\t\t#gallery-1 {\n\t\t\t\tmargin: auto;\n\t\t\t}\n\t\t\t#gallery-1 .gallery-item {\n\t\t\t\tfloat: left;\n\t\t\t\tmargin-top: 10px;\n\t\t\t\ttext-align: center;\n\t\t\t\twidth: 33%;\n\t\t\t}\n\t\t\t#gallery-1 img {\n\t\t\t\tborder: 2px solid #cfcfcf;\n\t\t\t}\n\t\t\t#gallery-1 .gallery-caption {\n\t\t\t\tmargin-left: 0;\n\t\t\t}\n\t\t\t\/* see gallery_shortcode() in wp-includes\/media.php *\/\n\t\t<\/style>\n\t\t<div id='gallery-1' class='gallery galleryid-437152 gallery-columns-3 gallery-size-medium'><dl class='gallery-item'>\n\t\t\t<dt class='gallery-icon landscape'>\n\t\t\t\t<a href='https:\/\/www.radioluna.it\/news\/2026\/09\/latina-incendio-a-ridosso-dellicot-fiamme-vicino-al-parcheggio\/whatsapp-image-2026-09-04-at-16-11-12\/'><img loading=\"lazy\" decoding=\"async\" width=\"1920\" height=\"1440\" src=\"https:\/\/www.radioluna.it\/news\/wp-content\/uploads\/2026\/09\/WhatsApp-Image-2026-09-04-at-16.11.12.jpeg\" class=\"attachment-medium size-medium\" alt=\"\" srcset=\"https:\/\/www.radioluna.it\/news\/wp-content\/uploads\/2026\/09\/WhatsApp-Image-2026-09-04-at-16.11.12.jpeg 1920w, https:\/\/www.radioluna.it\/news\/wp-content\/uploads\/2026\/09\/WhatsApp-Image-2026-09-04-at-16.11.12-768x576.jpeg 768w, https:\/\/www.radioluna.it\/news\/wp-content\/uploads\/2026\/09\/WhatsApp-Image-2026-09-04-at-16.11.12-1536x1152.jpeg 1536w\" sizes=\"auto, (max-width: 1920px) 100vw, 1920px\" \/><\/a>\n\t\t\t<\/dt><\/dl><dl class='gallery-item'>\n\t\t\t<dt class='gallery-icon landscape'>\n\t\t\t\t<a href='https:\/\/www.radioluna.it\/news\/2026\/09\/latina-incendio-a-ridosso-dellicot-fiamme-vicino-al-parcheggio\/whatsapp-image-2026-09-04-at-16-10-57-2\/'><img loading=\"lazy\" decoding=\"async\" width=\"1920\" height=\"1440\" src=\"https:\/\/www.radioluna.it\/news\/wp-content\/uploads\/2026\/09\/WhatsApp-Image-2026-09-04-at-16.10.57-2.jpeg\" class=\"attachment-medium size-medium\" alt=\"\" srcset=\"https:\/\/www.radioluna.it\/news\/wp-content\/uploads\/2026\/09\/WhatsApp-Image-2026-09-04-at-16.10.57-2.jpeg 1920w, https:\/\/www.radioluna.it\/news\/wp-content\/uploads\/2026\/09\/WhatsApp-Image-2026-09-04-at-16.10.57-2-768x576.jpeg 768w, https:\/\/www.radioluna.it\/news\/wp-content\/uploads\/2026\/09\/WhatsApp-Image-2026-09-04-at-16.10.57-2-1536x1152.jpeg 1536w\" sizes=\"auto, (max-width: 1920px) 100vw, 1920px\" \/><\/a>\n\t\t\t<\/dt><\/dl><dl class='gallery-item'>\n\t\t\t<dt class='gallery-icon landscape'>\n\t\t\t\t<a href='https:\/\/www.radioluna.it\/news\/2026\/09\/latina-incendio-a-ridosso-dellicot-fiamme-vicino-al-parcheggio\/whatsapp-image-2026-09-04-at-16-10-57-1\/'><img loading=\"lazy\" decoding=\"async\" width=\"1920\" height=\"1440\" src=\"https:\/\/www.radioluna.it\/news\/wp-content\/uploads\/2026\/09\/WhatsApp-Image-2026-09-04-at-16.10.57-1.jpeg\" class=\"attachment-medium size-medium\" alt=\"\" srcset=\"https:\/\/www.radioluna.it\/news\/wp-content\/uploads\/2026\/09\/WhatsApp-Image-2026-09-04-at-16.10.57-1.jpeg 1920w, https:\/\/www.radioluna.it\/news\/wp-content\/uploads\/2026\/09\/WhatsApp-Image-2026-09-04-at-16.10.57-1-768x576.jpeg 768w, https:\/\/www.radioluna.it\/news\/wp-content\/uploads\/2026\/09\/WhatsApp-Image-2026-09-04-at-16.10.57-1-1536x1152.jpeg 1536w\" sizes=\"auto, (max-width: 1920px) 100vw, 1920px\" \/><\/a>\n\t\t\t<\/dt><\/dl><br style=\"clear: both\" \/><dl class='gallery-item'>\n\t\t\t<dt class='gallery-icon landscape'>\n\t\t\t\t<a href='https:\/\/www.radioluna.it\/news\/2026\/09\/latina-incendio-a-ridosso-dellicot-fiamme-vicino-al-parcheggio\/whatsapp-image-2026-09-04-at-16-10-57\/'><img loading=\"lazy\" decoding=\"async\" width=\"1600\" height=\"1200\" src=\"https:\/\/www.radioluna.it\/news\/wp-content\/uploads\/2026\/09\/WhatsApp-Image-2026-09-04-at-16.10.57.jpeg\" class=\"attachment-medium size-medium\" alt=\"\" srcset=\"https:\/\/www.radioluna.it\/news\/wp-content\/uploads\/2026\/09\/WhatsApp-Image-2026-09-04-at-16.10.57.jpeg 1600w, https:\/\/www.radioluna.it\/news\/wp-content\/uploads\/2026\/09\/WhatsApp-Image-2026-09-04-at-16.10.57-768x576.jpeg 768w, https:\/\/www.radioluna.it\/news\/wp-content\/uploads\/2026\/09\/WhatsApp-Image-2026-09-04-at-16.10.57-1536x1152.jpeg 1536w\" sizes=\"auto, (max-width: 1600px) 100vw, 1600px\" \/><\/a>\n\t\t\t<\/dt><\/dl><dl class='gallery-item'>\n\t\t\t<dt class='gallery-icon landscape'>\n\t\t\t\t<a href='https:\/\/www.radioluna.it\/news\/2026\/09\/latina-incendio-a-ridosso-dellicot-fiamme-vicino-al-parcheggio\/whatsapp-image-2026-09-04-at-16-10-56\/'><img loading=\"lazy\" decoding=\"async\" width=\"1600\" height=\"1200\" src=\"https:\/\/www.radioluna.it\/news\/wp-content\/uploads\/2026\/09\/WhatsApp-Image-2026-09-04-at-16.10.56.jpeg\" class=\"attachment-medium size-medium\" alt=\"\" srcset=\"https:\/\/www.radioluna.it\/news\/wp-content\/uploads\/2026\/09\/WhatsApp-Image-2026-09-04-at-16.10.56.jpeg 1600w, https:\/\/www.radioluna.it\/news\/wp-content\/uploads\/2026\/09\/WhatsApp-Image-2026-09-04-at-16.10.56-768x576.jpeg 768w, https:\/\/www.radioluna.it\/news\/wp-content\/uploads\/2026\/09\/WhatsApp-Image-2026-09-04-at-16.10.56-1536x1152.jpeg 1536w\" sizes=\"auto, (max-width: 1600px) 100vw, 1600px\" \/><\/a>\n\t\t\t<\/dt><\/dl><dl class='gallery-item'>\n\t\t\t<dt class='gallery-icon landscape'>\n\t\t\t\t<a href='https:\/\/www.radioluna.it\/news\/2026\/09\/latina-incendio-a-ridosso-dellicot-fiamme-vicino-al-parcheggio\/incendio-vivaio\/'><img loading=\"lazy\" decoding=\"async\" width=\"1600\" height=\"1200\" src=\"https:\/\/www.radioluna.it\/news\/wp-content\/uploads\/2026\/09\/incendio-vivaio.jpeg\" class=\"attachment-medium size-medium\" alt=\"\" srcset=\"https:\/\/www.radioluna.it\/news\/wp-content\/uploads\/2026\/09\/incendio-vivaio.jpeg 1600w, https:\/\/www.radioluna.it\/news\/wp-content\/uploads\/2026\/09\/incendio-vivaio-768x576.jpeg 768w, https:\/\/www.radioluna.it\/news\/wp-content\/uploads\/2026\/09\/incendio-vivaio-1536x1152.jpeg 1536w\" sizes=\"auto, (max-width: 1600px) 100vw, 1600px\" \/><\/a>\n\t\t\t<\/dt><\/dl><br style=\"clear: both\" \/><dl class='gallery-item'>\n\t\t\t<dt class='gallery-icon landscape'>\n\t\t\t\t<a href='https:\/\/www.radioluna.it\/news\/2026\/09\/latina-incendio-a-ridosso-dellicot-fiamme-vicino-al-parcheggio\/incendio-a-distanza\/'><img loading=\"lazy\" decoding=\"async\" width=\"1600\" height=\"1200\" src=\"https:\/\/www.radioluna.it\/news\/wp-content\/uploads\/2026\/09\/incendio-a-distanza.jpeg\" class=\"attachment-medium size-medium\" alt=\"\" srcset=\"https:\/\/www.radioluna.it\/news\/wp-content\/uploads\/2026\/09\/incendio-a-distanza.jpeg 1600w, https:\/\/www.radioluna.it\/news\/wp-content\/uploads\/2026\/09\/incendio-a-distanza-768x576.jpeg 768w, https:\/\/www.radioluna.it\/news\/wp-content\/uploads\/2026\/09\/incendio-a-distanza-1536x1152.jpeg 1536w\" sizes=\"auto, (max-width: 1600px) 100vw, 1600px\" \/><\/a>\n\t\t\t<\/dt><\/dl><dl class='gallery-item'>\n\t\t\t<dt class='gallery-icon landscape'>\n\t\t\t\t<a href='https:\/\/www.radioluna.it\/news\/2026\/09\/latina-incendio-a-ridosso-dellicot-fiamme-vicino-al-parcheggio\/fiamme-vicino-concessionaria\/'><img loading=\"lazy\" decoding=\"async\" width=\"1440\" height=\"1274\" src=\"https:\/\/www.radioluna.it\/news\/wp-content\/uploads\/2026\/09\/fiamme-vicino-concessionaria-e1788530819967.jpeg\" class=\"attachment-medium size-medium\" alt=\"\" srcset=\"https:\/\/www.radioluna.it\/news\/wp-content\/uploads\/2026\/09\/fiamme-vicino-concessionaria-e1788530819967.jpeg 1440w, https:\/\/www.radioluna.it\/news\/wp-content\/uploads\/2026\/09\/fiamme-vicino-concessionaria-e1788530819967-768x679.jpeg 768w\" sizes=\"auto, (max-width: 1440px) 100vw, 1440px\" \/><\/a>\n\t\t\t<\/dt><\/dl>\n\t\t\t<br style='clear: both' \/>\n\t\t<\/div>\n\n<div id=\"radio-3010710052\" class=\"radio-dopo-il-contenuto radio-entity-placement\"><a data-no-instant=\"1\" href=\"https:\/\/concessionari-suzuki.it\/bodema\/\" rel=\"noopener\" class=\"a2t-link\" aria-label=\"Bodema 1200&#215;600 banner Suzuki_AX\"><img loading=\"lazy\" decoding=\"async\" src=\"https:\/\/www.radioluna.it\/news\/wp-content\/uploads\/2025\/05\/Bodema-1200x600-banner-Suzuki_AX.jpg\" alt=\"\"  srcset=\"https:\/\/www.radioluna.it\/news\/wp-content\/uploads\/2025\/05\/Bodema-1200x600-banner-Suzuki_AX.jpg 1200w, https:\/\/www.radioluna.it\/news\/wp-content\/uploads\/2025\/05\/Bodema-1200x600-banner-Suzuki_AX-768x384.jpg 768w\" sizes=\"(max-width: 1200px) 100vw, 1200px\" width=\"800\" height=\"300\"   \/><\/a><\/div>","protected":false},"excerpt":{"rendered":"<p>Pauroso incendio di vegetazione nella zona dell\u2019Icot, a Latina. Le fiamme sarebbero partite da un canale alle spalle dell\u2019ospedale e, attraversando il vivaio abbandonato, sono arrivate fino alla Pontina, raggiungendo il parcheggio dell\u2019Icot e i campi vicini a una concessionaria di automobili. Una grande colonna di fumo nero \u00e8 visibile anche a distanza. Imponente l\u2019intervento [&hellip;]<\/p>\n","protected":false},"author":5443,"featured_media":437154,"comment_status":"closed","ping_status":"open","sticky":false,"template":"","format":"standard","meta":{"footnotes":"","jetpack_publicize_message":"","jetpack_publicize_feature_enabled":true,"jetpack_social_post_already_shared":true,"jetpack_social_options":{"image_generator_settings":{"template":"highway","default_image_id":0,"font":"","enabled":false},"version":2}},"categories":[7,2311,2256,2428],"tags":[5738],"class_list":["post-437152","post","type-post","status-publish","format-standard","has-post-thumbnail","hentry","category-cronaca","category-foto","category-prima-pagina","category-primo-piano","tag-in-primo-piano"],"jetpack_publicize_connections":[],"_links":{"self":[{"href":"https:\/\/www.radioluna.it\/news\/wp-json\/wp\/v2\/posts\/437152","targetHints":{"allow":["GET"]}}],"collection":[{"href":"https:\/\/www.radioluna.it\/news\/wp-json\/wp\/v2\/posts"}],"about":[{"href":"https:\/\/www.radioluna.it\/news\/wp-json\/wp\/v2\/types\/post"}],"author":[{"embeddable":true,"href":"https:\/\/www.radioluna.it\/news\/wp-json\/wp\/v2\/users\/5443"}],"replies":[{"embeddable":true,"href":"https:\/\/www.radioluna.it\/news\/wp-json\/wp\/v2\/comments?post=437152"}],"version-history":[{"count":6,"href":"https:\/\/www.radioluna.it\/news\/wp-json\/wp\/v2\/posts\/437152\/revisions"}],"predecessor-version":[{"id":437174,"href":"https:\/\/www.radioluna.it\/news\/wp-json\/wp\/v2\/posts\/437152\/revisions\/437174"}],"wp:featuredmedia":[{"embeddable":true,"href":"https:\/\/www.radioluna.it\/news\/wp-json\/wp\/v2\/media\/437154"}],"wp:attachment":[{"href":"https:\/\/www.radioluna.it\/news\/wp-json\/wp\/v2\/media?parent=437152"}],"wp:term":[{"taxonomy":"category","embeddable":true,"href":"https:\/\/www.radioluna.it\/news\/wp-json\/wp\/v2\/categories?post=437152"},{"taxonomy":"post_tag","embeddable":true,"href":"https:\/\/www.radioluna.it\/news\/wp-json\/wp\/v2\/tags?post=437152"}],"curies":[{"name":"wp","href":"https:\/\/api.w.org\/{rel}","templated":true}]}}