{"id":437176,"date":"2026-09-04T16:59:41","date_gmt":"2026-09-04T14:59:41","guid":{"rendered":"https:\/\/www.radioluna.it\/news\/?p=437176"},"modified":"2026-09-04T16:59:41","modified_gmt":"2026-09-04T14:59:41","slug":"latina-erasmo-cifra-compie-100-anni-gli-auguri-dellamministrazione-comunale","status":"publish","type":"post","link":"https:\/\/www.radioluna.it\/news\/2026\/09\/latina-erasmo-cifra-compie-100-anni-gli-auguri-dellamministrazione-comunale\/","title":{"rendered":"Latina, Erasmo Cifra compie 100 anni: gli auguri dell\u2019amministrazione comunale"},"content":{"rendered":"<div id=\"fb-root\"><\/div>\n<p class=\"isSelectedEnd\" style=\"text-align: justify;\">Ha compiuto 100 anni Erasmo Cifra, una vita interamente legata a Latina e al mondo dell\u2019imprenditoria. Per festeggiare questo importante traguardo, l\u2019assessore ai Servizi sociali Maurizio Galardo, su delega del sindaco Matilde Celentano, ha portato a Cifra gli auguri dell\u2019amministrazione comunale.<\/p>\n<p class=\"isSelectedEnd\" style=\"text-align: justify;\">Nato a Bassiano nel 1926, Erasmo si trasfer\u00ec a Latina quando era ancora giovane, seguendo la famiglia dopo che il padre Argimiro, reduce di guerra, aveva iniziato a lavorare in citt\u00e0 come usciere capo dell\u2019Intendenza di Finanza.<\/p>\n<p class=\"isSelectedEnd\" style=\"text-align: justify;\">La sua storia professionale \u00e8 strettamente intrecciata con quella della citt\u00e0. Insieme alla madre Diolinda Morelli e al fratello Arturo Cifra fu titolare del Bar dello Sport di via Oberdan, successivamente trasferito in corso della Repubblica. Dopo un periodo di gestione da parte di terzi, Erasmo torn\u00f2 a occuparsi direttamente dell&#8217;attivit\u00e0, che venne nuovamente inaugurata nel 1978 insieme al fratello. La gestione prosegu\u00ec fino al 1982.<\/p>\n<p class=\"isSelectedEnd\" style=\"text-align: justify;\">La sua esperienza nel commercio era iniziata per\u00f2 gi\u00e0 molti anni prima: nel 1946 Erasmo e Arturo avevano lavorato in un forno a Latina Scalo. Anche la famiglia ha poi proseguito sulla strada dell\u2019imprenditoria, con le figlie Teodolinda e Carla che hanno avviato una scuola di formazione professionale per acconciatori.<\/p>\n<p class=\"isSelectedEnd\" style=\"text-align: justify;\">A festeggiare il centenario, insieme a Erasmo, ci sono state le figlie, i nipoti e i pronipoti. Nel ricordo della moglie Rosa De Angelis, Cifra continua a vivere in autonomia e a dedicarsi alle sue passioni. Tra queste il giardinaggio, la cura delle terre di famiglia e la coltivazione di prodotti come pomodori, insalata e castagne. \u00c8 inoltre appassionato di numismatica e conserva una collezione di monete. Tra le sue passioni c\u2019\u00e8 anche la letteratura: ancora oggi recita a memoria alcuni dei passi della Divina Commedia che gli sono pi\u00f9 cari.<\/p>\n<p style=\"text-align: justify;\">\u201cErasmo ha segnato la storia della nostra citt\u00e0 grazie allo spirito imprenditoriale che lo ha sempre contraddistinto\u201d, ha commentato l\u2019assessore Galardo, sottolineando l\u2019importanza di una figura che rappresenta anche un pezzo della memoria della comunit\u00e0 pontina. A lui sono arrivati gli auguri dell\u2019amministrazione comunale per questo importante traguardo.<\/p>\n<div id=\"radio-2900875137\" class=\"radio-dopo-il-contenuto radio-entity-placement\"><a data-no-instant=\"1\" href=\"https:\/\/concessionari-suzuki.it\/bodema\/\" rel=\"noopener\" class=\"a2t-link\" aria-label=\"Bodema 1200&#215;600 banner Suzuki_AX\"><img loading=\"lazy\" decoding=\"async\" src=\"https:\/\/www.radioluna.it\/news\/wp-content\/uploads\/2025\/05\/Bodema-1200x600-banner-Suzuki_AX.jpg\" alt=\"\"  srcset=\"https:\/\/www.radioluna.it\/news\/wp-content\/uploads\/2025\/05\/Bodema-1200x600-banner-Suzuki_AX.jpg 1200w, https:\/\/www.radioluna.it\/news\/wp-content\/uploads\/2025\/05\/Bodema-1200x600-banner-Suzuki_AX-768x384.jpg 768w\" sizes=\"(max-width: 1200px) 100vw, 1200px\" width=\"800\" height=\"300\"   \/><\/a><\/div>","protected":false},"excerpt":{"rendered":"<p>Ha compiuto 100 anni Erasmo Cifra, una vita interamente legata a Latina e al mondo dell\u2019imprenditoria. Per festeggiare questo importante traguardo, l\u2019assessore ai Servizi sociali Maurizio Galardo, su delega del sindaco Matilde Celentano, ha portato a Cifra gli auguri dell\u2019amministrazione comunale. Nato a Bassiano nel 1926, Erasmo si trasfer\u00ec a Latina quando era ancora giovane, [&hellip;]<\/p>\n","protected":false},"author":5443,"featured_media":437177,"comment_status":"closed","ping_status":"open","sticky":false,"template":"","format":"standard","meta":{"footnotes":"","jetpack_publicize_message":"","jetpack_publicize_feature_enabled":true,"jetpack_social_post_already_shared":true,"jetpack_social_options":{"image_generator_settings":{"template":"highway","default_image_id":0,"font":"","enabled":false},"version":2}},"categories":[735],"tags":[],"class_list":["post-437176","post","type-post","status-publish","format-standard","has-post-thumbnail","hentry","category-attualita"],"jetpack_publicize_connections":[],"_links":{"self":[{"href":"https:\/\/www.radioluna.it\/news\/wp-json\/wp\/v2\/posts\/437176","targetHints":{"allow":["GET"]}}],"collection":[{"href":"https:\/\/www.radioluna.it\/news\/wp-json\/wp\/v2\/posts"}],"about":[{"href":"https:\/\/www.radioluna.it\/news\/wp-json\/wp\/v2\/types\/post"}],"author":[{"embeddable":true,"href":"https:\/\/www.radioluna.it\/news\/wp-json\/wp\/v2\/users\/5443"}],"replies":[{"embeddable":true,"href":"https:\/\/www.radioluna.it\/news\/wp-json\/wp\/v2\/comments?post=437176"}],"version-history":[{"count":1,"href":"https:\/\/www.radioluna.it\/news\/wp-json\/wp\/v2\/posts\/437176\/revisions"}],"predecessor-version":[{"id":437178,"href":"https:\/\/www.radioluna.it\/news\/wp-json\/wp\/v2\/posts\/437176\/revisions\/437178"}],"wp:featuredmedia":[{"embeddable":true,"href":"https:\/\/www.radioluna.it\/news\/wp-json\/wp\/v2\/media\/437177"}],"wp:attachment":[{"href":"https:\/\/www.radioluna.it\/news\/wp-json\/wp\/v2\/media?parent=437176"}],"wp:term":[{"taxonomy":"category","embeddable":true,"href":"https:\/\/www.radioluna.it\/news\/wp-json\/wp\/v2\/categories?post=437176"},{"taxonomy":"post_tag","embeddable":true,"href":"https:\/\/www.radioluna.it\/news\/wp-json\/wp\/v2\/tags?post=437176"}],"curies":[{"name":"wp","href":"https:\/\/api.w.org\/{rel}","templated":true}]}}