{"id":437182,"date":"2026-09-04T17:48:29","date_gmt":"2026-09-04T15:48:29","guid":{"rendered":"https:\/\/www.radioluna.it\/news\/?p=437182"},"modified":"2026-09-04T17:48:29","modified_gmt":"2026-09-04T15:48:29","slug":"latina-sotto-assedio-dagli-incendi-fiamme-anche-a-borgo-piave-pontina-nel-caos","status":"publish","type":"post","link":"https:\/\/www.radioluna.it\/news\/2026\/09\/latina-sotto-assedio-dagli-incendi-fiamme-anche-a-borgo-piave-pontina-nel-caos\/","title":{"rendered":"Latina sotto assedio dagli incendi: fiamme anche a Borgo Piave, Pontina nel caos"},"content":{"rendered":"<div id=\"fb-root\"><\/div>\n<p class=\"isSelectedEnd\" style=\"text-align: justify;\"><strong>Latina brucia e la viabilit\u00e0 va in tilt.<\/strong> \u00c8 una situazione particolarmente critica quella che si sta registrando oggi nel capoluogo pontino, dove diversi incendi stanno interessando contemporaneamente aree differenti della citt\u00e0 e delle sue immediate periferie, con pesanti ripercussioni anche sulla circolazione.<\/p>\n<p class=\"isSelectedEnd\" style=\"text-align: justify;\">Il fronte pi\u00f9 vicino al centro \u00e8 quello sviluppatosi nella zona dell\u2019ICOT. Le fiamme sono partite da un canale alle spalle della struttura ospedaliera e hanno raggiunto l\u2019area di un vivaio abbandonato, divorando la vegetazione e avvicinandosi al parcheggio dell\u2019ospedale. Il rogo ha prodotto una colonna di fumo nero visibile a grande distanza e ha interessato anche la vegetazione della fascia frangivento. Le operazioni dei Vigili del Fuoco sono in corso, con il supporto degli altri soccorritori.<\/p>\n<p class=\"isSelectedEnd\" style=\"text-align: justify;\">La situazione \u00e8 complicata dalla presenza di altri focolai. <strong>Un altro incendio di vaste proporzioni sta interessando la zona di Borgo Piave, all\u2019altezza dell\u2019Istituto San Benedetto<\/strong>. In questo caso le fiamme hanno raggiunto un\u2019altezza impressionante e, secondo le segnalazioni raccolte sul posto, alcuni automobilisti che stavano percorrendo la carreggiata nord della Pontina in direzione Roma avrebbero addirittura fatto marcia indietro, arrivando a procedere contromano per allontanarsi dalla zona interessata dal fuoco. Un comportamento estremamente pericoloso che d\u00e0 per\u00f2 la misura della paura provocata dalla situazione.<\/p>\n<p class=\"isSelectedEnd\" style=\"text-align: justify;\">Il risultato \u00e8 una citt\u00e0 che, in queste ore, appare letteralmente circondata dal fuoco: colonne di fumo visibili da diversi quartieri, squadre dei Vigili del Fuoco impegnate contemporaneamente su pi\u00f9 fronti e una rete stradale fortemente appesantita. Una situazione che sta trasformando una giornata gi\u00e0 difficile sul piano della viabilit\u00e0 in una vera emergenza per chi deve attraversare Latina.<\/p>\n<p style=\"text-align: justify;\">Le cause dei diversi incendi dovranno essere accertate. Al momento, dunque, non \u00e8 possibile stabilire se vi sia un collegamento tra i vari roghi n\u00e9 attribuirne l\u2019origine. Di certo c\u2019\u00e8 che il numero e la contemporaneit\u00e0 degli interventi stanno creando una situazione di forte apprensione, con conseguenze non solo per le aree direttamente interessate dalle fiamme, ma per l&#8217;intera mobilit\u00e0 cittadina.<\/p>\n<div id=\"radio-2762783452\" class=\"radio-dopo-il-contenuto radio-entity-placement\"><a data-no-instant=\"1\" href=\"https:\/\/concessionari-suzuki.it\/bodema\/\" rel=\"noopener\" class=\"a2t-link\" aria-label=\"Bodema 1200&#215;600 banner Suzuki_AX\"><img loading=\"lazy\" decoding=\"async\" src=\"https:\/\/www.radioluna.it\/news\/wp-content\/uploads\/2025\/05\/Bodema-1200x600-banner-Suzuki_AX.jpg\" alt=\"\"  srcset=\"https:\/\/www.radioluna.it\/news\/wp-content\/uploads\/2025\/05\/Bodema-1200x600-banner-Suzuki_AX.jpg 1200w, https:\/\/www.radioluna.it\/news\/wp-content\/uploads\/2025\/05\/Bodema-1200x600-banner-Suzuki_AX-768x384.jpg 768w\" sizes=\"(max-width: 1200px) 100vw, 1200px\" width=\"800\" height=\"300\"   \/><\/a><\/div>","protected":false},"excerpt":{"rendered":"<p>Latina brucia e la viabilit\u00e0 va in tilt. \u00c8 una situazione particolarmente critica quella che si sta registrando oggi nel capoluogo pontino, dove diversi incendi stanno interessando contemporaneamente aree differenti della citt\u00e0 e delle sue immediate periferie, con pesanti ripercussioni anche sulla circolazione. Il fronte pi\u00f9 vicino al centro \u00e8 quello sviluppatosi nella zona dell\u2019ICOT. [&hellip;]<\/p>\n","protected":false},"author":5443,"featured_media":437171,"comment_status":"closed","ping_status":"open","sticky":false,"template":"","format":"standard","meta":{"footnotes":"","jetpack_publicize_message":"","jetpack_publicize_feature_enabled":true,"jetpack_social_post_already_shared":true,"jetpack_social_options":{"image_generator_settings":{"template":"highway","default_image_id":0,"font":"","enabled":false},"version":2}},"categories":[7,2256,2428],"tags":[5738],"class_list":["post-437182","post","type-post","status-publish","format-standard","has-post-thumbnail","hentry","category-cronaca","category-prima-pagina","category-primo-piano","tag-in-primo-piano"],"jetpack_publicize_connections":[],"_links":{"self":[{"href":"https:\/\/www.radioluna.it\/news\/wp-json\/wp\/v2\/posts\/437182","targetHints":{"allow":["GET"]}}],"collection":[{"href":"https:\/\/www.radioluna.it\/news\/wp-json\/wp\/v2\/posts"}],"about":[{"href":"https:\/\/www.radioluna.it\/news\/wp-json\/wp\/v2\/types\/post"}],"author":[{"embeddable":true,"href":"https:\/\/www.radioluna.it\/news\/wp-json\/wp\/v2\/users\/5443"}],"replies":[{"embeddable":true,"href":"https:\/\/www.radioluna.it\/news\/wp-json\/wp\/v2\/comments?post=437182"}],"version-history":[{"count":1,"href":"https:\/\/www.radioluna.it\/news\/wp-json\/wp\/v2\/posts\/437182\/revisions"}],"predecessor-version":[{"id":437183,"href":"https:\/\/www.radioluna.it\/news\/wp-json\/wp\/v2\/posts\/437182\/revisions\/437183"}],"wp:featuredmedia":[{"embeddable":true,"href":"https:\/\/www.radioluna.it\/news\/wp-json\/wp\/v2\/media\/437171"}],"wp:attachment":[{"href":"https:\/\/www.radioluna.it\/news\/wp-json\/wp\/v2\/media?parent=437182"}],"wp:term":[{"taxonomy":"category","embeddable":true,"href":"https:\/\/www.radioluna.it\/news\/wp-json\/wp\/v2\/categories?post=437182"},{"taxonomy":"post_tag","embeddable":true,"href":"https:\/\/www.radioluna.it\/news\/wp-json\/wp\/v2\/tags?post=437182"}],"curies":[{"name":"wp","href":"https:\/\/api.w.org\/{rel}","templated":true}]}}