{"id":437207,"date":"2026-09-05T08:11:22","date_gmt":"2026-09-05T06:11:22","guid":{"rendered":"https:\/\/www.radioluna.it\/news\/?p=437207"},"modified":"2026-09-05T08:24:09","modified_gmt":"2026-09-05T06:24:09","slug":"al-francioni-il-latina-affronta-il-forli-volpe-fiducia-nei-miei-ragazzi","status":"publish","type":"post","link":"https:\/\/www.radioluna.it\/news\/2026\/09\/al-francioni-il-latina-affronta-il-forli-volpe-fiducia-nei-miei-ragazzi\/","title":{"rendered":"Al Francioni il Latina affronta il Forl\u00ec, Volpe: &#8220;Fiducia nei miei ragazzi&#8221;"},"content":{"rendered":"<div id=\"fb-root\"><\/div>\n<p style=\"text-align: justify;\"><strong>LATINA &#8211; <\/strong>Il Latina si prepara a scendere in campo al Francioni contro Forl\u00ec. La sfida, in programma alle 18 di sabato 5 settembre, \u00e8 stata presentata in sala stampa dal tecnico Gennaro Volpe. &#8220;Ogni partita ha una storia a s\u00e9, per\u00f2 la cosa pi\u00f9 importante penso sempre che siamo noi, \u00e8 il nostro gruppo, la nostra squadra e quello che vogliamo ottenere e dimostrare sul campo&#8221;, ha esordito il mister che avr\u00e0 a disposizione tutti i giocatori della rosa: &#8220;Abbiamo tante partite ravvicinate quindi sicuramente ci sar\u00e0 bisogno di tutto il gruppo&#8221;. Il latina infatti dopo l&#8217;anticipo di oggi, giocher\u00e0 a Grosseto la Coppa Italia mercoled\u00ec 9 settembre, quindi troner\u00e0 in campo sabato prossimo per la partita di campionato contro Gubbio.<\/p>\n<p style=\"text-align: justify;\">Volpe ha espresso fiducia nel gruppo: &#8220;Da un punto di vista tecnico pu\u00f2 essere anche inferiore a qualche squadra di questo girone, perch\u00e9 bisogna sempre essere onesti e realisti su quelli che sono poi i valori di tante squadre di questo girone, per\u00f2 il mio gruppo \u00e8 un gruppo serio, \u00e8 un gruppo che ha i valori umani, che non \u00e8 secondo a nessuno ed \u00e8 un gruppo di grandissimi lavoratori che si mettono sempre a disposizione. Il mio compito \u00e8 allenare, valorizzare al massimo la rosa che mi \u00e8 stata messa a disposizione&#8221;.<\/p>\n<p><iframe loading=\"lazy\" title=\"Mister Volpe alla vigilia di Latina-Forl\u00ec \" width=\"740\" height=\"416\" src=\"https:\/\/www.youtube.com\/embed\/-JQRFg29huU?feature=oembed\" frameborder=\"0\" allow=\"accelerometer; autoplay; clipboard-write; encrypted-media; gyroscope; picture-in-picture; web-share\" referrerpolicy=\"strict-origin-when-cross-origin\" allowfullscreen><\/iframe><\/p>\n<div id=\"radio-3561889966\" class=\"radio-dopo-il-contenuto radio-entity-placement\"><a data-no-instant=\"1\" href=\"https:\/\/concessionari-suzuki.it\/bodema\/\" rel=\"noopener\" class=\"a2t-link\" aria-label=\"Bodema 1200&#215;600 banner Suzuki_AX\"><img loading=\"lazy\" decoding=\"async\" src=\"https:\/\/www.radioluna.it\/news\/wp-content\/uploads\/2025\/05\/Bodema-1200x600-banner-Suzuki_AX.jpg\" alt=\"\"  srcset=\"https:\/\/www.radioluna.it\/news\/wp-content\/uploads\/2025\/05\/Bodema-1200x600-banner-Suzuki_AX.jpg 1200w, https:\/\/www.radioluna.it\/news\/wp-content\/uploads\/2025\/05\/Bodema-1200x600-banner-Suzuki_AX-768x384.jpg 768w\" sizes=\"(max-width: 1200px) 100vw, 1200px\" width=\"800\" height=\"300\"   \/><\/a><\/div>","protected":false},"excerpt":{"rendered":"<p>LATINA &#8211; Il Latina si prepara a scendere in campo al Francioni contro Forl\u00ec. La sfida, in programma alle 18 di sabato 5 settembre, \u00e8 stata presentata in sala stampa dal tecnico Gennaro Volpe. &#8220;Ogni partita ha una storia a s\u00e9, per\u00f2 la cosa pi\u00f9 importante penso sempre che siamo noi, \u00e8 il nostro gruppo, [&hellip;]<\/p>\n","protected":false},"author":62,"featured_media":437208,"comment_status":"closed","ping_status":"open","sticky":false,"template":"","format":"standard","meta":{"footnotes":"","jetpack_publicize_message":"","jetpack_publicize_feature_enabled":true,"jetpack_social_post_already_shared":true,"jetpack_social_options":{"image_generator_settings":{"template":"highway","default_image_id":0,"font":"","enabled":false},"version":2}},"categories":[17,2312],"tags":[],"class_list":["post-437207","post","type-post","status-publish","format-standard","has-post-thumbnail","hentry","category-sport","category-video"],"jetpack_publicize_connections":[],"_links":{"self":[{"href":"https:\/\/www.radioluna.it\/news\/wp-json\/wp\/v2\/posts\/437207","targetHints":{"allow":["GET"]}}],"collection":[{"href":"https:\/\/www.radioluna.it\/news\/wp-json\/wp\/v2\/posts"}],"about":[{"href":"https:\/\/www.radioluna.it\/news\/wp-json\/wp\/v2\/types\/post"}],"author":[{"embeddable":true,"href":"https:\/\/www.radioluna.it\/news\/wp-json\/wp\/v2\/users\/62"}],"replies":[{"embeddable":true,"href":"https:\/\/www.radioluna.it\/news\/wp-json\/wp\/v2\/comments?post=437207"}],"version-history":[{"count":3,"href":"https:\/\/www.radioluna.it\/news\/wp-json\/wp\/v2\/posts\/437207\/revisions"}],"predecessor-version":[{"id":437214,"href":"https:\/\/www.radioluna.it\/news\/wp-json\/wp\/v2\/posts\/437207\/revisions\/437214"}],"wp:featuredmedia":[{"embeddable":true,"href":"https:\/\/www.radioluna.it\/news\/wp-json\/wp\/v2\/media\/437208"}],"wp:attachment":[{"href":"https:\/\/www.radioluna.it\/news\/wp-json\/wp\/v2\/media?parent=437207"}],"wp:term":[{"taxonomy":"category","embeddable":true,"href":"https:\/\/www.radioluna.it\/news\/wp-json\/wp\/v2\/categories?post=437207"},{"taxonomy":"post_tag","embeddable":true,"href":"https:\/\/www.radioluna.it\/news\/wp-json\/wp\/v2\/tags?post=437207"}],"curies":[{"name":"wp","href":"https:\/\/api.w.org\/{rel}","templated":true}]}}