{"id":437212,"date":"2026-09-05T09:09:25","date_gmt":"2026-09-05T07:09:25","guid":{"rendered":"https:\/\/www.radioluna.it\/news\/?p=437212"},"modified":"2026-09-05T09:09:25","modified_gmt":"2026-09-05T07:09:25","slug":"lascia-il-coordinatore-di-noi-moderati-a-sabaudia-non-riusciamo-a-essere-incisivi","status":"publish","type":"post","link":"https:\/\/www.radioluna.it\/news\/2026\/09\/lascia-il-coordinatore-di-noi-moderati-a-sabaudia-non-riusciamo-a-essere-incisivi\/","title":{"rendered":"Lascia il coordinatore di Noi Moderati a Sabaudia: &#8220;Non riusciamo a essere incisivi&#8221;"},"content":{"rendered":"<div id=\"fb-root\"><\/div>\n<p style=\"text-align: justify;\"><strong>LATINA &#8211;\u00a0<\/strong>Il coordinatore comunale di Noi Moderati a Sabaudia, Mimmo D\u2019Amico, ha rassegnato le proprie dimissioni dall\u2019incarico, rimettendo il mandato al coordinatore provinciale, avv. Alessandro Paletta. &#8220;Una decisione personale, maturata nel tempo, che riguarda esclusivamente il ruolo di coordinamento locale e che, come lo stesso D\u2019Amico sottolinea nella sua lettera di dimissioni, non rappresenta un giudizio sull\u2019operato dei vertici provinciali e regionali del partito&#8221;, si legge in una nota del partito.<\/p>\n<p style=\"text-align: justify;\">\u201cPrendiamo atto con profondo dispiacere, anche per i rapporti personali che si erano venuti a creare, della decisione di Mimmo D\u2019Amico di dimettersi dal suo ruolo di coordinatore comunale di Sabaudia, dichiara il coordinatore provinciale di Noi Moderati, Alessandro Paletta. A Mimmo, cui riservo la mia massima stima politica e personale, va il nostro ringraziamento per il lavoro svolto e per il contributo dato in questi anni al percorso di Noi Moderati a Sabaudia. Ora guardiamo avanti con senso di responsabilit\u00e0; affronteremo questa delicata fase attraverso un confronto interno cercando di individuare i prossimi passaggi per il coordinamento locale. Da oggi la sezione di Sabaudia sar\u00e0 commissariata e me ne occuper\u00f2 personalmente &#8211; aggiunge ancora l\u2019avv. Paletta &#8211; con l\u2019obiettivo di accompagnare questa fase di passaggio e garantire continuit\u00e0 all\u2019attivit\u00e0 politica sul territorio\u201d.<\/p>\n<p style=\"text-align: justify;\"><em>&#8220;Ritengo che, oggi, la linea politica espressa dal coordinamento non riesca pi\u00f9 a riscontrarsi pienamente nel sentimento degli iscritti e della nostra comunit\u00e0 politica &#8211; <\/em>spiega D&#8217;Amico<em> &#8211; . Di fronte a questa consapevolezza, credo che la scelta pi\u00f9 responsabile sia quella di rimettere il mandato alla segreteria provinciale, evitando che una situazione di difficolt\u00e0 possa finire per danneggiare tanto la politica amministrativa della nostra citt\u00e0 quanto il percorso di crescita e di radicamento di Noi Moderati. <\/em><em>Sabaudia ha bisogno di coraggio, di idee chiare e di scelte importanti. Ha bisogno di una politica capace di assumersi responsabilit\u00e0 e di incidere concretamente sulle questioni che riguardano il futuro della citt\u00e0. Devo riconoscere, con onest\u00e0 intellettuale, che il coordinamento in questa fase politica non riesce ad incidere come dovrebbe.\u00a0<\/em><em>Per questo, senza alcuna esitazione e senza voler occupare spazi che oggi \u00e8 giusto lasciare ad altri, ritengo che la cosa pi\u00f9 logica e pi\u00f9 utile sia fare un passo indietro e lasciare spazio a chi, con energie nuove e prospettive diverse, potr\u00e0 sicuramente fare meglio&#8221;.<\/em><\/p>\n<div id=\"radio-3911215919\" class=\"radio-dopo-il-contenuto radio-entity-placement\"><a data-no-instant=\"1\" href=\"https:\/\/concessionari-suzuki.it\/bodema\/\" rel=\"noopener\" class=\"a2t-link\" aria-label=\"Bodema 1200&#215;600 banner Suzuki_AX\"><img loading=\"lazy\" decoding=\"async\" src=\"https:\/\/www.radioluna.it\/news\/wp-content\/uploads\/2025\/05\/Bodema-1200x600-banner-Suzuki_AX.jpg\" alt=\"\"  srcset=\"https:\/\/www.radioluna.it\/news\/wp-content\/uploads\/2025\/05\/Bodema-1200x600-banner-Suzuki_AX.jpg 1200w, https:\/\/www.radioluna.it\/news\/wp-content\/uploads\/2025\/05\/Bodema-1200x600-banner-Suzuki_AX-768x384.jpg 768w\" sizes=\"(max-width: 1200px) 100vw, 1200px\" width=\"800\" height=\"300\"   \/><\/a><\/div>","protected":false},"excerpt":{"rendered":"<p>LATINA &#8211;\u00a0Il coordinatore comunale di Noi Moderati a Sabaudia, Mimmo D\u2019Amico, ha rassegnato le proprie dimissioni dall\u2019incarico, rimettendo il mandato al coordinatore provinciale, avv. Alessandro Paletta. &#8220;Una decisione personale, maturata nel tempo, che riguarda esclusivamente il ruolo di coordinamento locale e che, come lo stesso D\u2019Amico sottolinea nella sua lettera di dimissioni, non rappresenta un [&hellip;]<\/p>\n","protected":false},"author":62,"featured_media":437220,"comment_status":"closed","ping_status":"open","sticky":false,"template":"","format":"standard","meta":{"footnotes":"","jetpack_publicize_message":"","jetpack_publicize_feature_enabled":true,"jetpack_social_post_already_shared":true,"jetpack_social_options":{"image_generator_settings":{"template":"highway","default_image_id":0,"font":"","enabled":false},"version":2}},"categories":[8],"tags":[],"class_list":["post-437212","post","type-post","status-publish","format-standard","has-post-thumbnail","hentry","category-politica"],"jetpack_publicize_connections":[],"_links":{"self":[{"href":"https:\/\/www.radioluna.it\/news\/wp-json\/wp\/v2\/posts\/437212","targetHints":{"allow":["GET"]}}],"collection":[{"href":"https:\/\/www.radioluna.it\/news\/wp-json\/wp\/v2\/posts"}],"about":[{"href":"https:\/\/www.radioluna.it\/news\/wp-json\/wp\/v2\/types\/post"}],"author":[{"embeddable":true,"href":"https:\/\/www.radioluna.it\/news\/wp-json\/wp\/v2\/users\/62"}],"replies":[{"embeddable":true,"href":"https:\/\/www.radioluna.it\/news\/wp-json\/wp\/v2\/comments?post=437212"}],"version-history":[{"count":2,"href":"https:\/\/www.radioluna.it\/news\/wp-json\/wp\/v2\/posts\/437212\/revisions"}],"predecessor-version":[{"id":437221,"href":"https:\/\/www.radioluna.it\/news\/wp-json\/wp\/v2\/posts\/437212\/revisions\/437221"}],"wp:featuredmedia":[{"embeddable":true,"href":"https:\/\/www.radioluna.it\/news\/wp-json\/wp\/v2\/media\/437220"}],"wp:attachment":[{"href":"https:\/\/www.radioluna.it\/news\/wp-json\/wp\/v2\/media?parent=437212"}],"wp:term":[{"taxonomy":"category","embeddable":true,"href":"https:\/\/www.radioluna.it\/news\/wp-json\/wp\/v2\/categories?post=437212"},{"taxonomy":"post_tag","embeddable":true,"href":"https:\/\/www.radioluna.it\/news\/wp-json\/wp\/v2\/tags?post=437212"}],"curies":[{"name":"wp","href":"https:\/\/api.w.org\/{rel}","templated":true}]}}