{"id":437241,"date":"2026-09-05T12:17:51","date_gmt":"2026-09-05T10:17:51","guid":{"rendered":"https:\/\/www.radioluna.it\/news\/?p=437241"},"modified":"2026-09-05T12:17:51","modified_gmt":"2026-09-05T10:17:51","slug":"scuola-di-vela-inclusiva-a-sabaudia-per-i-ragazzi-di-latinautismo-e-aipd-esperienza-da-cui-partire","status":"publish","type":"post","link":"https:\/\/www.radioluna.it\/news\/2026\/09\/scuola-di-vela-inclusiva-a-sabaudia-per-i-ragazzi-di-latinautismo-e-aipd-esperienza-da-cui-partire\/","title":{"rendered":"Scuola di vela inclusiva a Sabaudia per i ragazzi di LatinAutismo e Aipd: &#8220;Esperienza da cui partire&#8221;"},"content":{"rendered":"<div id=\"fb-root\"><\/div>\n<p style=\"text-align: justify;\"><strong>SABAUDIA<\/strong> &#8211; Si \u00e8 tenuta tra il 17 e il 28 agosto la prima esperienza in barca a vela per i ragazzi di LatinAutismo APS e Aipd che hanno avuto l\u2019opportunit\u00e0 di partecipare al corso di vela organizzato dalla Lega Navale Italiana. I partecipanti sono stati ospitati, insieme a un accompagnatore, presso gli alloggi del Centro Nautico, dove hanno dovuto seguire ritmi precisi: risveglio muscolare, colazione, riassetto della propria stanza, attivit\u00e0 ricreative e le lezioni dedicate alla vela che si sono svolte a bordo della imbarcazioni Classe Hansa 303, messe a disposizione dalla Lega Navale, particolarmente stabili e di semplice utilizzo.<\/p>\n<p style=\"text-align: justify;\">&#8220;Durante il percorso hanno potuto conoscere pi\u00f9 da vicino il mondo della navigazione, attraverso momenti teorici dedicati alle principali andature e attivit\u00e0 pratiche legate alla vita nautica, tra cui l\u2019esercitazione sui nodi marinari &#8211;\u00a0 raccontano in una nota le due associazioni &#8211; E, accanto all\u2019esperienza sportiva hanno potuto sperimentare un contesto condiviso con altri ragazzi. E&#8217; stato bello ed emozionante. Allo stesso tempo, proprio esperienze come questa ci aiutano a comprendere quanta strada ci sia ancora da percorrere per arrivare a un\u2019inclusione capace di accogliere persone con caratteristiche e necessit\u00e0 di supporto molto diverse tra loro. Durante il percorso, infatti, la presenza dei genitori o dei tutor \u00e8 rimasta necessaria e costante e solo alcune attivit\u00e0 sono state effettivamente svolte insieme al resto del gruppo. \u00c8 un aspetto importante sul quale riflettere e dal quale partire per continuare a crescere insieme, facendo tesoro dell\u2019esperienza vissuta e comprendendo quali strumenti e supporti possano essere messi in campo nelle prossime occasioni&#8221;.<\/p>\n<p style=\"text-align: justify;\">Il 27 agosto le famiglie hanno partecipato alla cena e alla consegna degli attestati di frequenza e hanno potuto assistere alle attivit\u00e0 degli allievi, prima del tradizionale lancio dei cappelli da parte dei partecipanti.<\/p>\n<p style=\"text-align: justify;\">&#8220;Non si tratta soltanto del racconto di una bella settimana, ma di un\u2019esperienza che per noi rappresenta un primo passo concreto verso un obiettivo pi\u00f9 ampio: costruire sul territorio occasioni di partecipazione autentica, nelle quali anche bambini e ragazzi con autismo, comprese le persone con maggiori necessit\u00e0 di supporto, possano trovare realmente il proprio spazio &#8211; sottolinea Monia Magliocco, Diversity &amp; Disability Manager e Presidente LatinAutismo APS &#8211;\u00a0Vedere alcuni dei nostri ragazzi condividere questa esperienza insieme agli altri \u00e8 stato importante. Sappiamo che il percorso verso una piena inclusione richiede ancora lavoro, organizzazione e collaborazione, ma proprio per questo riteniamo importante raccontare ci\u00f2 che sta nascendo e valorizzare le realt\u00e0 che scelgono di mettersi in gioco. Come LatinAutismo ci siamo la vera sfida, oggi, \u00e8 continuare a lavorare insieme affinch\u00e9 l\u2019inclusione non sia soltanto la possibilit\u00e0 di esserci, ma diventi sempre pi\u00f9 la possibilit\u00e0 di partecipare realmente&#8221;.<\/p>\n<p style=\"text-align: justify;\">Lunga la lista dei ringraziamenti a partire dal Presidente nazionale della Lega Navale Italiana, Ammiraglio Donato Marzano e agli istruttori, a tutto lo staff del campo, che ha accompagnato con disponibilit\u00e0 e attenzione la quotidianit\u00e0 dei ragazzi: Capo Bartolomeo, Capo Vito e il responsabile di segreteria Giacomo e tutti i giovani istruttori e aiutanti del campo. &#8220;La loro presenza e il loro impegno hanno contribuito a rendere questa esperienza accogliente e significativa&#8221;, conclude Magliocco.<\/p>\n<div id=\"radio-1415250653\" class=\"radio-dopo-il-contenuto radio-entity-placement\"><a data-no-instant=\"1\" href=\"https:\/\/concessionari-suzuki.it\/bodema\/\" rel=\"noopener\" class=\"a2t-link\" aria-label=\"Bodema 1200&#215;600 banner Suzuki_AX\"><img loading=\"lazy\" decoding=\"async\" src=\"https:\/\/www.radioluna.it\/news\/wp-content\/uploads\/2025\/05\/Bodema-1200x600-banner-Suzuki_AX.jpg\" alt=\"\"  srcset=\"https:\/\/www.radioluna.it\/news\/wp-content\/uploads\/2025\/05\/Bodema-1200x600-banner-Suzuki_AX.jpg 1200w, https:\/\/www.radioluna.it\/news\/wp-content\/uploads\/2025\/05\/Bodema-1200x600-banner-Suzuki_AX-768x384.jpg 768w\" sizes=\"(max-width: 1200px) 100vw, 1200px\" width=\"800\" height=\"300\"   \/><\/a><\/div>","protected":false},"excerpt":{"rendered":"<p>SABAUDIA &#8211; Si \u00e8 tenuta tra il 17 e il 28 agosto la prima esperienza in barca a vela per i ragazzi di LatinAutismo APS e Aipd che hanno avuto l\u2019opportunit\u00e0 di partecipare al corso di vela organizzato dalla Lega Navale Italiana. I partecipanti sono stati ospitati, insieme a un accompagnatore, presso gli alloggi del [&hellip;]<\/p>\n","protected":false},"author":62,"featured_media":437242,"comment_status":"closed","ping_status":"open","sticky":false,"template":"","format":"standard","meta":{"footnotes":"","jetpack_publicize_message":"","jetpack_publicize_feature_enabled":true,"jetpack_social_post_already_shared":true,"jetpack_social_options":{"image_generator_settings":{"template":"highway","default_image_id":0,"font":"","enabled":false},"version":2}},"categories":[735],"tags":[],"class_list":["post-437241","post","type-post","status-publish","format-standard","has-post-thumbnail","hentry","category-attualita"],"jetpack_publicize_connections":[],"_links":{"self":[{"href":"https:\/\/www.radioluna.it\/news\/wp-json\/wp\/v2\/posts\/437241","targetHints":{"allow":["GET"]}}],"collection":[{"href":"https:\/\/www.radioluna.it\/news\/wp-json\/wp\/v2\/posts"}],"about":[{"href":"https:\/\/www.radioluna.it\/news\/wp-json\/wp\/v2\/types\/post"}],"author":[{"embeddable":true,"href":"https:\/\/www.radioluna.it\/news\/wp-json\/wp\/v2\/users\/62"}],"replies":[{"embeddable":true,"href":"https:\/\/www.radioluna.it\/news\/wp-json\/wp\/v2\/comments?post=437241"}],"version-history":[{"count":1,"href":"https:\/\/www.radioluna.it\/news\/wp-json\/wp\/v2\/posts\/437241\/revisions"}],"predecessor-version":[{"id":437243,"href":"https:\/\/www.radioluna.it\/news\/wp-json\/wp\/v2\/posts\/437241\/revisions\/437243"}],"wp:featuredmedia":[{"embeddable":true,"href":"https:\/\/www.radioluna.it\/news\/wp-json\/wp\/v2\/media\/437242"}],"wp:attachment":[{"href":"https:\/\/www.radioluna.it\/news\/wp-json\/wp\/v2\/media?parent=437241"}],"wp:term":[{"taxonomy":"category","embeddable":true,"href":"https:\/\/www.radioluna.it\/news\/wp-json\/wp\/v2\/categories?post=437241"},{"taxonomy":"post_tag","embeddable":true,"href":"https:\/\/www.radioluna.it\/news\/wp-json\/wp\/v2\/tags?post=437241"}],"curies":[{"name":"wp","href":"https:\/\/api.w.org\/{rel}","templated":true}]}}