{"id":437252,"date":"2026-09-05T16:44:54","date_gmt":"2026-09-05T14:44:54","guid":{"rendered":"https:\/\/www.radioluna.it\/news\/?p=437252"},"modified":"2026-09-05T16:44:54","modified_gmt":"2026-09-05T14:44:54","slug":"san-felice-circeo-domenica-a-borgo-montenero-torna-la-festa-dello-sport","status":"publish","type":"post","link":"https:\/\/www.radioluna.it\/news\/2026\/09\/san-felice-circeo-domenica-a-borgo-montenero-torna-la-festa-dello-sport\/","title":{"rendered":"San Felice Circeo, domenica a Borgo Montenero torna la Festa dello Sport"},"content":{"rendered":"<div id=\"fb-root\"><\/div>\n<p class=\"isSelectedEnd\" style=\"text-align: justify;\">Una giornata dedicata allo sport, alle associazioni e alla comunit\u00e0 di San Felice Circeo. \u00c8 in programma domani, domenica 6 settembre, a Borgo Montenero, la Festa dello Sport 2026, un appuntamento pensato per avvicinare cittadini e famiglie alle diverse discipline sportive presenti sul territorio.<\/p>\n<p class=\"isSelectedEnd\" style=\"text-align: justify;\">Per tutta la giornata sar\u00e0 possibile conoscere e provare gratuitamente le attivit\u00e0 proposte dalle associazioni locali, attraverso stand, esibizioni, dimostrazioni e prove aperte. Un\u2019occasione soprattutto per chi \u00e8 alla ricerca di una nuova disciplina da praticare, ma anche per valorizzare il ruolo dello sport come momento di aggregazione e partecipazione.<\/p>\n<p class=\"isSelectedEnd\" style=\"text-align: justify;\">La giornata si aprir\u00e0 alle 9.30 con la sfilata delle associazioni sportive, seguita alle 9.50 dal discorso istituzionale. Alle 10.20 prenderanno il via le esibizioni e le attivit\u00e0 sportive.<\/p>\n<p class=\"isSelectedEnd\" style=\"text-align: justify;\">Dopo la pausa pranzo delle 13, il programma riprender\u00e0 alle 14.30 con l\u2019intervento degli ospiti e, dalle 15, con nuove esibizioni e attivit\u00e0. La giornata proseguir\u00e0 fino alle 19, quando sono previsti i ringraziamenti, mentre la chiusura \u00e8 fissata per le 19.30.<\/p>\n<p class=\"isSelectedEnd\" style=\"text-align: justify;\">Nel corso dell\u2019evento saranno presenti anche ospiti e personaggi legati al mondo dello spettacolo e dello sport. A completare la giornata ci saranno truck food, musica e altre iniziative.<\/p>\n<p style=\"text-align: justify;\">L\u2019obiettivo della Festa dello Sport \u00e8 coinvolgere l\u2019intera comunit\u00e0 e offrire a bambini, ragazzi e adulti l\u2019opportunit\u00e0 di avvicinarsi a nuove discipline, scoprendo le realt\u00e0 associative che operano sul territorio di San Felice Circeo.<\/p>\n<div id=\"radio-4219884741\" class=\"radio-dopo-il-contenuto radio-entity-placement\"><a data-no-instant=\"1\" href=\"https:\/\/concessionari-suzuki.it\/bodema\/\" rel=\"noopener\" class=\"a2t-link\" aria-label=\"Bodema 1200&#215;600 banner Suzuki_AX\"><img loading=\"lazy\" decoding=\"async\" src=\"https:\/\/www.radioluna.it\/news\/wp-content\/uploads\/2025\/05\/Bodema-1200x600-banner-Suzuki_AX.jpg\" alt=\"\"  srcset=\"https:\/\/www.radioluna.it\/news\/wp-content\/uploads\/2025\/05\/Bodema-1200x600-banner-Suzuki_AX.jpg 1200w, https:\/\/www.radioluna.it\/news\/wp-content\/uploads\/2025\/05\/Bodema-1200x600-banner-Suzuki_AX-768x384.jpg 768w\" sizes=\"(max-width: 1200px) 100vw, 1200px\" width=\"800\" height=\"300\"   \/><\/a><\/div>","protected":false},"excerpt":{"rendered":"<p>Una giornata dedicata allo sport, alle associazioni e alla comunit\u00e0 di San Felice Circeo. \u00c8 in programma domani, domenica 6 settembre, a Borgo Montenero, la Festa dello Sport 2026, un appuntamento pensato per avvicinare cittadini e famiglie alle diverse discipline sportive presenti sul territorio. Per tutta la giornata sar\u00e0 possibile conoscere e provare gratuitamente le [&hellip;]<\/p>\n","protected":false},"author":5443,"featured_media":437253,"comment_status":"closed","ping_status":"open","sticky":false,"template":"","format":"standard","meta":{"footnotes":"","jetpack_publicize_message":"","jetpack_publicize_feature_enabled":true,"jetpack_social_post_already_shared":true,"jetpack_social_options":{"image_generator_settings":{"template":"highway","default_image_id":0,"font":"","enabled":false},"version":2}},"categories":[16],"tags":[],"class_list":["post-437252","post","type-post","status-publish","format-standard","has-post-thumbnail","hentry","category-appuntamenti"],"jetpack_publicize_connections":[],"_links":{"self":[{"href":"https:\/\/www.radioluna.it\/news\/wp-json\/wp\/v2\/posts\/437252","targetHints":{"allow":["GET"]}}],"collection":[{"href":"https:\/\/www.radioluna.it\/news\/wp-json\/wp\/v2\/posts"}],"about":[{"href":"https:\/\/www.radioluna.it\/news\/wp-json\/wp\/v2\/types\/post"}],"author":[{"embeddable":true,"href":"https:\/\/www.radioluna.it\/news\/wp-json\/wp\/v2\/users\/5443"}],"replies":[{"embeddable":true,"href":"https:\/\/www.radioluna.it\/news\/wp-json\/wp\/v2\/comments?post=437252"}],"version-history":[{"count":1,"href":"https:\/\/www.radioluna.it\/news\/wp-json\/wp\/v2\/posts\/437252\/revisions"}],"predecessor-version":[{"id":437254,"href":"https:\/\/www.radioluna.it\/news\/wp-json\/wp\/v2\/posts\/437252\/revisions\/437254"}],"wp:featuredmedia":[{"embeddable":true,"href":"https:\/\/www.radioluna.it\/news\/wp-json\/wp\/v2\/media\/437253"}],"wp:attachment":[{"href":"https:\/\/www.radioluna.it\/news\/wp-json\/wp\/v2\/media?parent=437252"}],"wp:term":[{"taxonomy":"category","embeddable":true,"href":"https:\/\/www.radioluna.it\/news\/wp-json\/wp\/v2\/categories?post=437252"},{"taxonomy":"post_tag","embeddable":true,"href":"https:\/\/www.radioluna.it\/news\/wp-json\/wp\/v2\/tags?post=437252"}],"curies":[{"name":"wp","href":"https:\/\/api.w.org\/{rel}","templated":true}]}}